{"id":976,"date":"2012-05-09T15:49:43","date_gmt":"2012-05-09T18:49:43","guid":{"rendered":"http:\/\/escritacontabilidade.adv.br\/blog\/?p=976"},"modified":"2012-05-09T15:49:57","modified_gmt":"2012-05-09T18:49:57","slug":"deputados-debatem-ajustes-na-lei-do-supersimples","status":"publish","type":"post","link":"https:\/\/escritacontabilidade.adv.br\/blog\/2012\/05\/deputados-debatem-ajustes-na-lei-do-supersimples\/","title":{"rendered":"Deputados debatem ajustes na lei do Supersimples"},"content":{"rendered":"<p>O Supersimples pode sofrer mudan\u00e7as no que se refere \u00e0 cobran\u00e7a do Imposto sobre Circula\u00e7\u00e3o de Mercadorias e Servi\u00e7os (ICMS) por meio da substitui\u00e7\u00e3o tribut\u00e1ria. Tamb\u00e9m poder\u00e1 ocorrer modifica\u00e7\u00e3o na lista de categorias aceitas no sistema simplificado. As altera\u00e7\u00f5es ser\u00e3o discutidas pela Frente Parlamentar Mista das Micro e Pequenas Empresas no Congresso Nacional, nesta quarta-feira (09), \u00e0s 8h30.<br \/>\nA substitui\u00e7\u00e3o tribut\u00e1ria ocorre quando a ind\u00fastria ou o atacadista recolhe o imposto por todos os integrantes da cadeira produtiva.<br \/>\nA reuni\u00e3o ser\u00e1 realizada durante um caf\u00e9 da manh\u00e3, no 10\u00ba andar do anexo IV da C\u00e2mara dos Deputados. A ideia do presidente da Frente Parlamentar, deputado Pedro Eug\u00eanio (PT\/PE), \u00e9 definir as prioridades para a proposta de ajuste na lei Lei Geral da Micro e Pequena Empresa (Lei Complementar 123\/06), que criou o sistema simplificado de tributa\u00e7\u00e3o. Os integrantes da frente tamb\u00e9m debater\u00e3o estrat\u00e9gias pol\u00edticas para encaminhamento das medidas.<\/p>\n","protected":false},"excerpt":{"rendered":"<p>O Supersimples pode sofrer mudan\u00e7as no que se refere \u00e0 cobran\u00e7a do Imposto sobre Circula\u00e7\u00e3o de Mercadorias e Servi\u00e7os (ICMS) por meio da substitui\u00e7\u00e3o tribut\u00e1ria. Tamb\u00e9m poder\u00e1 ocorrer modifica\u00e7\u00e3o na lista de categorias aceitas no sistema simplificado. As altera\u00e7\u00f5es ser\u00e3o discutidas pela Frente Parlamentar Mista das Micro e Pequenas Empresas no Congresso Nacional, nesta quarta-feira [&hellip;]<\/p>\n","protected":false},"author":1,"featured_media":0,"comment_status":"open","ping_status":"open","sticky":false,"template":"","format":"standard","meta":{"jetpack_post_was_ever_published":false,"_jetpack_newsletter_access":"","jetpack_publicize_message":"","jetpack_is_tweetstorm":false,"jetpack_publicize_feature_enabled":true,"jetpack_social_post_already_shared":false,"jetpack_social_options":{"image_generator_settings":{"template":"highway","enabled":false}}},"categories":[],"tags":[],"jetpack_publicize_connections":[],"jetpack_featured_media_url":"","jetpack_sharing_enabled":true,"jetpack_shortlink":"https:\/\/wp.me\/p28224-fK","jetpack_likes_enabled":true,"jetpack-related-posts":[],"amp_enabled":true,"_links":{"self":[{"href":"https:\/\/escritacontabilidade.adv.br\/blog\/wp-json\/wp\/v2\/posts\/976"}],"collection":[{"href":"https:\/\/escritacontabilidade.adv.br\/blog\/wp-json\/wp\/v2\/posts"}],"about":[{"href":"https:\/\/escritacontabilidade.adv.br\/blog\/wp-json\/wp\/v2\/types\/post"}],"author":[{"embeddable":true,"href":"https:\/\/escritacontabilidade.adv.br\/blog\/wp-json\/wp\/v2\/users\/1"}],"replies":[{"embeddable":true,"href":"https:\/\/escritacontabilidade.adv.br\/blog\/wp-json\/wp\/v2\/comments?post=976"}],"version-history":[{"count":2,"href":"https:\/\/escritacontabilidade.adv.br\/blog\/wp-json\/wp\/v2\/posts\/976\/revisions"}],"predecessor-version":[{"id":978,"href":"https:\/\/escritacontabilidade.adv.br\/blog\/wp-json\/wp\/v2\/posts\/976\/revisions\/978"}],"wp:attachment":[{"href":"https:\/\/escritacontabilidade.adv.br\/blog\/wp-json\/wp\/v2\/media?parent=976"}],"wp:term":[{"taxonomy":"category","embeddable":true,"href":"https:\/\/escritacontabilidade.adv.br\/blog\/wp-json\/wp\/v2\/categories?post=976"},{"taxonomy":"post_tag","embeddable":true,"href":"https:\/\/escritacontabilidade.adv.br\/blog\/wp-json\/wp\/v2\/tags?post=976"}],"curies":[{"name":"wp","href":"https:\/\/api.w.org\/{rel}","templated":true}]}}