{"id":894,"date":"2012-05-03T14:20:16","date_gmt":"2012-05-03T17:20:16","guid":{"rendered":"http:\/\/escritacontabilidade.adv.br\/blog\/?p=894"},"modified":"2012-05-03T14:20:16","modified_gmt":"2012-05-03T17:20:16","slug":"piscofins-promovidas-alteracoes-nas-normas-para-habilitacao-ao-reidi","status":"publish","type":"post","link":"https:\/\/escritacontabilidade.adv.br\/blog\/2012\/05\/piscofins-promovidas-alteracoes-nas-normas-para-habilitacao-ao-reidi\/","title":{"rendered":"PIS\/COFINS: Promovidas altera\u00e7\u00f5es nas normas para habilita\u00e7\u00e3o ao Reidi"},"content":{"rendered":"<p>Entre outras modifica\u00e7\u00f5es, a Instru\u00e7\u00e3o Normativa estabelece que a pessoa jur\u00eddica a ser coabilitada dever\u00e1 apresentar tamb\u00e9m contrato com a pessoa jur\u00eddica habilitada ao Reidi<br \/>\nA Receita Federal publicou no Di\u00e1rio Oficial de hoje, 2-5, a Instru\u00e7\u00e3o Normativa 1.267 que altera a Instru\u00e7\u00e3o Normativa 758\/2007, que disp\u00f5e sobre as normas de habilita\u00e7\u00e3o ao Regime Especial de Incentivos para o Desenvolvimento da Infraestrutura (Reidi).<\/p>\n<p>Entre outras modifica\u00e7\u00f5es, a Instru\u00e7\u00e3o Normativa estabelece que a pessoa jur\u00eddica a ser coabilitada dever\u00e1 apresentar tamb\u00e9m contrato com a pessoa jur\u00eddica habilitada ao Reidi, cujo objeto seja a execu\u00e7\u00e3o de obra referente ao projeto aprovado.<\/p>\n<p>O Reide suspende a exigibilidade do PIS\/Pasep e da Cofins sobre as receitas decorrentes de vendas de m\u00e1quinas, equipamentos, materiais de constru\u00e7\u00e3o e servi\u00e7os destinados a obras de infraestrutura nos setores de transportes, energia, saneamento b\u00e1sico e irriga\u00e7\u00e3o.<\/p>\n","protected":false},"excerpt":{"rendered":"<p>Entre outras modifica\u00e7\u00f5es, a Instru\u00e7\u00e3o Normativa estabelece que a pessoa jur\u00eddica a ser coabilitada dever\u00e1 apresentar tamb\u00e9m contrato com a pessoa jur\u00eddica habilitada ao Reidi A Receita Federal publicou no Di\u00e1rio Oficial de hoje, 2-5, a Instru\u00e7\u00e3o Normativa 1.267 que altera a Instru\u00e7\u00e3o Normativa 758\/2007, que disp\u00f5e sobre as normas de habilita\u00e7\u00e3o ao Regime Especial [&hellip;]<\/p>\n","protected":false},"author":1,"featured_media":0,"comment_status":"open","ping_status":"open","sticky":false,"template":"","format":"standard","meta":{"jetpack_post_was_ever_published":false,"_jetpack_newsletter_access":"","jetpack_publicize_message":"","jetpack_is_tweetstorm":false,"jetpack_publicize_feature_enabled":true,"jetpack_social_post_already_shared":false,"jetpack_social_options":{"image_generator_settings":{"template":"highway","enabled":false}}},"categories":[],"tags":[],"jetpack_publicize_connections":[],"jetpack_featured_media_url":"","jetpack_sharing_enabled":true,"jetpack_shortlink":"https:\/\/wp.me\/p28224-eq","jetpack_likes_enabled":true,"jetpack-related-posts":[],"amp_enabled":true,"_links":{"self":[{"href":"https:\/\/escritacontabilidade.adv.br\/blog\/wp-json\/wp\/v2\/posts\/894"}],"collection":[{"href":"https:\/\/escritacontabilidade.adv.br\/blog\/wp-json\/wp\/v2\/posts"}],"about":[{"href":"https:\/\/escritacontabilidade.adv.br\/blog\/wp-json\/wp\/v2\/types\/post"}],"author":[{"embeddable":true,"href":"https:\/\/escritacontabilidade.adv.br\/blog\/wp-json\/wp\/v2\/users\/1"}],"replies":[{"embeddable":true,"href":"https:\/\/escritacontabilidade.adv.br\/blog\/wp-json\/wp\/v2\/comments?post=894"}],"version-history":[{"count":1,"href":"https:\/\/escritacontabilidade.adv.br\/blog\/wp-json\/wp\/v2\/posts\/894\/revisions"}],"predecessor-version":[{"id":895,"href":"https:\/\/escritacontabilidade.adv.br\/blog\/wp-json\/wp\/v2\/posts\/894\/revisions\/895"}],"wp:attachment":[{"href":"https:\/\/escritacontabilidade.adv.br\/blog\/wp-json\/wp\/v2\/media?parent=894"}],"wp:term":[{"taxonomy":"category","embeddable":true,"href":"https:\/\/escritacontabilidade.adv.br\/blog\/wp-json\/wp\/v2\/categories?post=894"},{"taxonomy":"post_tag","embeddable":true,"href":"https:\/\/escritacontabilidade.adv.br\/blog\/wp-json\/wp\/v2\/tags?post=894"}],"curies":[{"name":"wp","href":"https:\/\/api.w.org\/{rel}","templated":true}]}}