{"id":872,"date":"2012-05-02T16:07:23","date_gmt":"2012-05-02T19:07:23","guid":{"rendered":"http:\/\/escritacontabilidade.adv.br\/blog\/?p=872"},"modified":"2012-05-02T16:07:23","modified_gmt":"2012-05-02T19:07:23","slug":"fazenda-prorroga-data-de-recolhimento-do-pispasep-e-da-cofins","status":"publish","type":"post","link":"https:\/\/escritacontabilidade.adv.br\/blog\/2012\/05\/fazenda-prorroga-data-de-recolhimento-do-pispasep-e-da-cofins\/","title":{"rendered":"Fazenda prorroga data de recolhimento do PIS\/Pasep e da Cofins"},"content":{"rendered":"<p> (Not\u00edcias Ag\u00eancia Brasil &#8211; ABr)<\/p>\n<p>Data: 02\/05\/2012<br \/>\nO governo prorrogou as datas de vencimento da Contribui\u00e7\u00e3o para o PIS\/Pasep e da Contribui\u00e7\u00e3o para o Financiamento da Seguridade Social (Cofins) para alguns produtos e servi\u00e7os. Eles est\u00e3o relacionados em portaria que foi publicada em (30) no Di\u00e1rio Oficial da Uni\u00e3o.<\/p>\n<p>Toda a tributa\u00e7\u00e3o referente a esses produtos, que iria vencer na primeira quinzena de abril e na primeira quinzena de maio, foi prorrogada para o \u00faltimo dia \u00fatil da primeira quinzena de novembro e para o \u00faltimo dia \u00fatil da primeira quinzena de dezembro, respectivamente.<\/p>\n<p>A prorroga\u00e7\u00e3o n\u00e3o implica direito \u00e0 restitui\u00e7\u00e3o de quantias eventualmente j\u00e1 recolhidas e vale para os seguintes produtos e servi\u00e7os enquadrados nos c\u00f3digos de Classifica\u00e7\u00e3o Nacional de Atividades Econ\u00f4micas (Cnae): prepara\u00e7\u00e3o e fia\u00e7\u00e3o de fibras t\u00eaxteis; tecelagem, exceto malha; fabrica\u00e7\u00e3o de tecidos de malha; acabamentos em fios, tecidos e artefatos t\u00eaxteis; fabrica\u00e7\u00e3o de artefatos t\u00eaxteis, exceto vestu\u00e1rio; confec\u00e7\u00e3o de artigos do vestu\u00e1rio e acess\u00f3rios; fabrica\u00e7\u00e3o de artigos de malharia e tricotagem; curtimento e outras prepara\u00e7\u00f5es de couro; fabrica\u00e7\u00e3o artigos para viagem e artefatos diversos de couro; fabrica\u00e7\u00e3<\/p>\n","protected":false},"excerpt":{"rendered":"<p>(Not\u00edcias Ag\u00eancia Brasil &#8211; ABr) Data: 02\/05\/2012 O governo prorrogou as datas de vencimento da Contribui\u00e7\u00e3o para o PIS\/Pasep e da Contribui\u00e7\u00e3o para o Financiamento da Seguridade Social (Cofins) para alguns produtos e servi\u00e7os. Eles est\u00e3o relacionados em portaria que foi publicada em (30) no Di\u00e1rio Oficial da Uni\u00e3o. Toda a tributa\u00e7\u00e3o referente a esses [&hellip;]<\/p>\n","protected":false},"author":1,"featured_media":0,"comment_status":"open","ping_status":"open","sticky":false,"template":"","format":"standard","meta":{"jetpack_post_was_ever_published":false,"_jetpack_newsletter_access":"","jetpack_publicize_message":"","jetpack_is_tweetstorm":false,"jetpack_publicize_feature_enabled":true,"jetpack_social_post_already_shared":false,"jetpack_social_options":{"image_generator_settings":{"template":"highway","enabled":false}}},"categories":[],"tags":[],"jetpack_publicize_connections":[],"jetpack_featured_media_url":"","jetpack_sharing_enabled":true,"jetpack_shortlink":"https:\/\/wp.me\/p28224-e4","jetpack_likes_enabled":true,"jetpack-related-posts":[],"amp_enabled":true,"_links":{"self":[{"href":"https:\/\/escritacontabilidade.adv.br\/blog\/wp-json\/wp\/v2\/posts\/872"}],"collection":[{"href":"https:\/\/escritacontabilidade.adv.br\/blog\/wp-json\/wp\/v2\/posts"}],"about":[{"href":"https:\/\/escritacontabilidade.adv.br\/blog\/wp-json\/wp\/v2\/types\/post"}],"author":[{"embeddable":true,"href":"https:\/\/escritacontabilidade.adv.br\/blog\/wp-json\/wp\/v2\/users\/1"}],"replies":[{"embeddable":true,"href":"https:\/\/escritacontabilidade.adv.br\/blog\/wp-json\/wp\/v2\/comments?post=872"}],"version-history":[{"count":1,"href":"https:\/\/escritacontabilidade.adv.br\/blog\/wp-json\/wp\/v2\/posts\/872\/revisions"}],"predecessor-version":[{"id":873,"href":"https:\/\/escritacontabilidade.adv.br\/blog\/wp-json\/wp\/v2\/posts\/872\/revisions\/873"}],"wp:attachment":[{"href":"https:\/\/escritacontabilidade.adv.br\/blog\/wp-json\/wp\/v2\/media?parent=872"}],"wp:term":[{"taxonomy":"category","embeddable":true,"href":"https:\/\/escritacontabilidade.adv.br\/blog\/wp-json\/wp\/v2\/categories?post=872"},{"taxonomy":"post_tag","embeddable":true,"href":"https:\/\/escritacontabilidade.adv.br\/blog\/wp-json\/wp\/v2\/tags?post=872"}],"curies":[{"name":"wp","href":"https:\/\/api.w.org\/{rel}","templated":true}]}}