{"id":824,"date":"2012-04-26T16:28:29","date_gmt":"2012-04-26T19:28:29","guid":{"rendered":"http:\/\/escritacontabilidade.adv.br\/blog\/?p=824"},"modified":"2012-04-26T16:28:29","modified_gmt":"2012-04-26T19:28:29","slug":"empresas-se-capacitam-para-operar-sistema-digital-da-receita","status":"publish","type":"post","link":"https:\/\/escritacontabilidade.adv.br\/blog\/2012\/04\/empresas-se-capacitam-para-operar-sistema-digital-da-receita\/","title":{"rendered":"Empresas se capacitam para operar sistema digital da Receita"},"content":{"rendered":"<p>O propriet\u00e1rio da rede de supermercados Irm\u00e3os Cantalice, Jos\u00e9 Willame de Ara\u00fajo, est\u00e1 com dificuldades para operar o Sistema P\u00fablico de Escritura\u00e7\u00e3o Digital (Sped). O software da Receita Federal, em vigor desde 2009, imp\u00f4s a substitui\u00e7\u00e3o da escritura\u00e7\u00e3o em papel pela Escritura\u00e7\u00e3o Cont\u00e1bil Digital (ECD) por todas as empresas tributadas pelo lucro real. \u201cEu ainda estou com pend\u00eancias com a Receita, por n\u00e3o ter aprendido a operar o programa\u201d, contou. Segundo Willame, assim como ele, muitos empres\u00e1rios t\u00eam dificuldades com o novo sistema.<\/p>\n<p>Outro empres\u00e1rio do ramo varejista, Gustavo Borges de Oliveira, da rede Compre Mais, tamb\u00e9m est\u00e1 confuso quanto \u00e0s regras do sistema. \u201cEm supermercados, temos uma quantidade muito grande de itens. Chego a catalogar quatro mil produtos. Cada um \u00e9 registrado de uma maneira diferente\u201d, declarou.<\/p>\n<p>Willame e Oliveira pretendem assistir \u00e0 palestra do auditor da Receita Federal, Jonathan Jos\u00e9 Formiga de Oliveira, em Campina Grande (PB). Ele explicar\u00e1 como evitar a multa de R$ 5 mil pela falta de envio do documento \u00e0 Receita. O evento ser\u00e1 realizado pelo Sebrae na Para\u00edba, nesta quinta-feira (26).<\/p>\n<p>Segundo a gestora do projeto Com\u00e9rcio Varejista de Supermercados do Sebrae, Maria de Lourdes Machado Ribeiro, apesar de o sistema ter entrado em vigor h\u00e1 tr\u00eas anos, ainda existem muitas d\u00favidas. Segundo ela, s\u00e3o esperados para o evento 100 empres\u00e1rios de redes de supermercados e n\u00facleos de contadores.<\/p>\n","protected":false},"excerpt":{"rendered":"<p>O propriet\u00e1rio da rede de supermercados Irm\u00e3os Cantalice, Jos\u00e9 Willame de Ara\u00fajo, est\u00e1 com dificuldades para operar o Sistema P\u00fablico de Escritura\u00e7\u00e3o Digital (Sped). O software da Receita Federal, em vigor desde 2009, imp\u00f4s a substitui\u00e7\u00e3o da escritura\u00e7\u00e3o em papel pela Escritura\u00e7\u00e3o Cont\u00e1bil Digital (ECD) por todas as empresas tributadas pelo lucro real. \u201cEu ainda [&hellip;]<\/p>\n","protected":false},"author":1,"featured_media":0,"comment_status":"open","ping_status":"open","sticky":false,"template":"","format":"standard","meta":{"jetpack_post_was_ever_published":false,"_jetpack_newsletter_access":"","jetpack_publicize_message":"","jetpack_is_tweetstorm":false,"jetpack_publicize_feature_enabled":true,"jetpack_social_post_already_shared":false,"jetpack_social_options":{"image_generator_settings":{"template":"highway","enabled":false}}},"categories":[],"tags":[],"jetpack_publicize_connections":[],"jetpack_featured_media_url":"","jetpack_sharing_enabled":true,"jetpack_shortlink":"https:\/\/wp.me\/p28224-di","jetpack_likes_enabled":true,"jetpack-related-posts":[],"amp_enabled":true,"_links":{"self":[{"href":"https:\/\/escritacontabilidade.adv.br\/blog\/wp-json\/wp\/v2\/posts\/824"}],"collection":[{"href":"https:\/\/escritacontabilidade.adv.br\/blog\/wp-json\/wp\/v2\/posts"}],"about":[{"href":"https:\/\/escritacontabilidade.adv.br\/blog\/wp-json\/wp\/v2\/types\/post"}],"author":[{"embeddable":true,"href":"https:\/\/escritacontabilidade.adv.br\/blog\/wp-json\/wp\/v2\/users\/1"}],"replies":[{"embeddable":true,"href":"https:\/\/escritacontabilidade.adv.br\/blog\/wp-json\/wp\/v2\/comments?post=824"}],"version-history":[{"count":1,"href":"https:\/\/escritacontabilidade.adv.br\/blog\/wp-json\/wp\/v2\/posts\/824\/revisions"}],"predecessor-version":[{"id":825,"href":"https:\/\/escritacontabilidade.adv.br\/blog\/wp-json\/wp\/v2\/posts\/824\/revisions\/825"}],"wp:attachment":[{"href":"https:\/\/escritacontabilidade.adv.br\/blog\/wp-json\/wp\/v2\/media?parent=824"}],"wp:term":[{"taxonomy":"category","embeddable":true,"href":"https:\/\/escritacontabilidade.adv.br\/blog\/wp-json\/wp\/v2\/categories?post=824"},{"taxonomy":"post_tag","embeddable":true,"href":"https:\/\/escritacontabilidade.adv.br\/blog\/wp-json\/wp\/v2\/tags?post=824"}],"curies":[{"name":"wp","href":"https:\/\/api.w.org\/{rel}","templated":true}]}}