{"id":762,"date":"2012-04-23T13:56:56","date_gmt":"2012-04-23T16:56:56","guid":{"rendered":"http:\/\/escritacontabilidade.adv.br\/blog\/?p=762"},"modified":"2012-04-23T13:56:56","modified_gmt":"2012-04-23T16:56:56","slug":"contribuicoes-de-marco-devem-ser-recolhidas-ate-quarta-feira-25-4","status":"publish","type":"post","link":"https:\/\/escritacontabilidade.adv.br\/blog\/2012\/04\/contribuicoes-de-marco-devem-ser-recolhidas-ate-quarta-feira-25-4\/","title":{"rendered":"Contribui\u00e7\u00f5es de mar\u00e7o devem ser recolhidas at\u00e9 quarta-feira, 25-4"},"content":{"rendered":"<p>As pessoas jur\u00eddicas de direito privado e as que lhes s\u00e3o equiparadas pela legisla\u00e7\u00e3o do Imposto de Renda, exceto institui\u00e7\u00f5es financeiras, devem recolher as contribui\u00e7\u00f5es do PIS e da Cofins sobre as receitas auferidas no m\u00eas de mar\u00e7o\/2012, at\u00e9 a quarta-feira, dia 25-4.<\/p>\n","protected":false},"excerpt":{"rendered":"<p>As pessoas jur\u00eddicas de direito privado e as que lhes s\u00e3o equiparadas pela legisla\u00e7\u00e3o do Imposto de Renda, exceto institui\u00e7\u00f5es financeiras, devem recolher as contribui\u00e7\u00f5es do PIS e da Cofins sobre as receitas auferidas no m\u00eas de mar\u00e7o\/2012, at\u00e9 a quarta-feira, dia 25-4.<\/p>\n","protected":false},"author":1,"featured_media":0,"comment_status":"open","ping_status":"open","sticky":false,"template":"","format":"standard","meta":{"jetpack_post_was_ever_published":false,"_jetpack_newsletter_access":"","jetpack_publicize_message":"","jetpack_is_tweetstorm":false,"jetpack_publicize_feature_enabled":true,"jetpack_social_post_already_shared":false,"jetpack_social_options":{"image_generator_settings":{"template":"highway","enabled":false}}},"categories":[],"tags":[],"jetpack_publicize_connections":[],"jetpack_featured_media_url":"","jetpack_sharing_enabled":true,"jetpack_shortlink":"https:\/\/wp.me\/p28224-ci","jetpack_likes_enabled":true,"jetpack-related-posts":[],"amp_enabled":true,"_links":{"self":[{"href":"https:\/\/escritacontabilidade.adv.br\/blog\/wp-json\/wp\/v2\/posts\/762"}],"collection":[{"href":"https:\/\/escritacontabilidade.adv.br\/blog\/wp-json\/wp\/v2\/posts"}],"about":[{"href":"https:\/\/escritacontabilidade.adv.br\/blog\/wp-json\/wp\/v2\/types\/post"}],"author":[{"embeddable":true,"href":"https:\/\/escritacontabilidade.adv.br\/blog\/wp-json\/wp\/v2\/users\/1"}],"replies":[{"embeddable":true,"href":"https:\/\/escritacontabilidade.adv.br\/blog\/wp-json\/wp\/v2\/comments?post=762"}],"version-history":[{"count":1,"href":"https:\/\/escritacontabilidade.adv.br\/blog\/wp-json\/wp\/v2\/posts\/762\/revisions"}],"predecessor-version":[{"id":763,"href":"https:\/\/escritacontabilidade.adv.br\/blog\/wp-json\/wp\/v2\/posts\/762\/revisions\/763"}],"wp:attachment":[{"href":"https:\/\/escritacontabilidade.adv.br\/blog\/wp-json\/wp\/v2\/media?parent=762"}],"wp:term":[{"taxonomy":"category","embeddable":true,"href":"https:\/\/escritacontabilidade.adv.br\/blog\/wp-json\/wp\/v2\/categories?post=762"},{"taxonomy":"post_tag","embeddable":true,"href":"https:\/\/escritacontabilidade.adv.br\/blog\/wp-json\/wp\/v2\/tags?post=762"}],"curies":[{"name":"wp","href":"https:\/\/api.w.org\/{rel}","templated":true}]}}