{"id":741,"date":"2012-04-18T14:00:48","date_gmt":"2012-04-18T17:00:48","guid":{"rendered":"http:\/\/escritacontabilidade.adv.br\/blog\/?p=741"},"modified":"2012-04-18T14:00:48","modified_gmt":"2012-04-18T17:00:48","slug":"contribuicoes-recolhimentos-ao-inss-em-atraso-comecam-a-ser-cobrados-com-multa-diaria-de-033","status":"publish","type":"post","link":"https:\/\/escritacontabilidade.adv.br\/blog\/2012\/04\/contribuicoes-recolhimentos-ao-inss-em-atraso-comecam-a-ser-cobrados-com-multa-diaria-de-033\/","title":{"rendered":"Contribui\u00e7\u00f5es: Recolhimentos ao INSS em atraso come\u00e7am a ser cobrados com multa di\u00e1ria de 0,33%"},"content":{"rendered":"<p>(Not\u00edcias MPS)<\/p>\n<p>Data: 18\/04\/2012<br \/>\nContribuintes individuais, facultativos e empregadores dom\u00e9sticos tiveram prazo at\u00e9 o dia (16) para pagar sem acr\u00e9scimos<\/p>\n<p>Os contribuintes individuais, facultativos e empregadores dom\u00e9sticos que n\u00e3o recolheram a compet\u00eancia mar\u00e7o ao INSS at\u00e9 o dia (16) devem pagar o valor da contribui\u00e7\u00e3o, a partir de ter\u00e7a-feira (17), com multa di\u00e1ria de 0,33%, regida pela taxa Selic mensal.<\/p>\n<p>Quem recolheu sobre o sal\u00e1rio m\u00ednimo (R$ 622) pagou R$ 124,40 referentes \u00e0 al\u00edquota de 20%. No caso dos empregados dom\u00e9sticos, 12% se referem \u00e0 contribui\u00e7\u00e3o do empregador e 8% \u00e0 do trabalhador. Para os contribuintes que optaram pelo plano simplificado de contribui\u00e7\u00e3o previdenci\u00e1ria, a al\u00edquota \u00e9 de 11% sobre o sal\u00e1rio m\u00ednimo, uma contribui\u00e7\u00e3o de R$ 68,42.<\/p>\n<p>Para aqueles que recolhem acima do m\u00ednimo, os percentuais s\u00e3o de 8% para os que ganham at\u00e9 R$ 1.174,86; de 9% para quem ganha entre R$ 1.174,87 e R$ 1.958,10; e de 11% para os que ganham entre R$ 1.958,11 e R$ 3.916,20. A al\u00edquota do empregador \u00e9 sempre de 12% em todas as tr\u00eas faixas.<\/p>\n<p>Al\u00edquota de 5% &#8211; As donas de casa de fam\u00edlias de baixa renda (ou donos de casa) e o empreendedor individual que contribuem com a al\u00edquota de contribui\u00e7\u00e3o previdenci\u00e1ria de 5% sobre o sal\u00e1rio m\u00ednimo recolheram o valor de R$ 31,10.<\/p>\n<p>O prazo para o recolhimento da contribui\u00e7\u00e3o das donas de casa tamb\u00e9m terminou nesta segunda (16). J\u00e1 o prazo para o recolhimento das contribui\u00e7\u00f5es do empreendedor individual \u00e9 at\u00e9 o dia 20 de cada m\u00eas. (Ascom\/MPS)<\/p>\n","protected":false},"excerpt":{"rendered":"<p>(Not\u00edcias MPS) Data: 18\/04\/2012 Contribuintes individuais, facultativos e empregadores dom\u00e9sticos tiveram prazo at\u00e9 o dia (16) para pagar sem acr\u00e9scimos Os contribuintes individuais, facultativos e empregadores dom\u00e9sticos que n\u00e3o recolheram a compet\u00eancia mar\u00e7o ao INSS at\u00e9 o dia (16) devem pagar o valor da contribui\u00e7\u00e3o, a partir de ter\u00e7a-feira (17), com multa di\u00e1ria de 0,33%, [&hellip;]<\/p>\n","protected":false},"author":1,"featured_media":0,"comment_status":"open","ping_status":"open","sticky":false,"template":"","format":"standard","meta":{"jetpack_post_was_ever_published":false,"_jetpack_newsletter_access":"","jetpack_publicize_message":"","jetpack_is_tweetstorm":false,"jetpack_publicize_feature_enabled":true,"jetpack_social_post_already_shared":false,"jetpack_social_options":{"image_generator_settings":{"template":"highway","enabled":false}}},"categories":[],"tags":[],"jetpack_publicize_connections":[],"jetpack_featured_media_url":"","jetpack_sharing_enabled":true,"jetpack_shortlink":"https:\/\/wp.me\/p28224-bX","jetpack_likes_enabled":true,"jetpack-related-posts":[],"amp_enabled":true,"_links":{"self":[{"href":"https:\/\/escritacontabilidade.adv.br\/blog\/wp-json\/wp\/v2\/posts\/741"}],"collection":[{"href":"https:\/\/escritacontabilidade.adv.br\/blog\/wp-json\/wp\/v2\/posts"}],"about":[{"href":"https:\/\/escritacontabilidade.adv.br\/blog\/wp-json\/wp\/v2\/types\/post"}],"author":[{"embeddable":true,"href":"https:\/\/escritacontabilidade.adv.br\/blog\/wp-json\/wp\/v2\/users\/1"}],"replies":[{"embeddable":true,"href":"https:\/\/escritacontabilidade.adv.br\/blog\/wp-json\/wp\/v2\/comments?post=741"}],"version-history":[{"count":1,"href":"https:\/\/escritacontabilidade.adv.br\/blog\/wp-json\/wp\/v2\/posts\/741\/revisions"}],"predecessor-version":[{"id":742,"href":"https:\/\/escritacontabilidade.adv.br\/blog\/wp-json\/wp\/v2\/posts\/741\/revisions\/742"}],"wp:attachment":[{"href":"https:\/\/escritacontabilidade.adv.br\/blog\/wp-json\/wp\/v2\/media?parent=741"}],"wp:term":[{"taxonomy":"category","embeddable":true,"href":"https:\/\/escritacontabilidade.adv.br\/blog\/wp-json\/wp\/v2\/categories?post=741"},{"taxonomy":"post_tag","embeddable":true,"href":"https:\/\/escritacontabilidade.adv.br\/blog\/wp-json\/wp\/v2\/tags?post=741"}],"curies":[{"name":"wp","href":"https:\/\/api.w.org\/{rel}","templated":true}]}}