{"id":705,"date":"2012-04-09T13:57:51","date_gmt":"2012-04-09T16:57:51","guid":{"rendered":"http:\/\/escritacontabilidade.adv.br\/blog\/?p=705"},"modified":"2012-04-09T13:57:51","modified_gmt":"2012-04-09T16:57:51","slug":"termina-hoje-dia-9-4-o-prazo-de-entrega-do-dacon-de-fevereiro","status":"publish","type":"post","link":"https:\/\/escritacontabilidade.adv.br\/blog\/2012\/04\/termina-hoje-dia-9-4-o-prazo-de-entrega-do-dacon-de-fevereiro\/","title":{"rendered":"Termina hoje, dia 9-4, o prazo de entrega do Dacon de fevereiro"},"content":{"rendered":"<p>As pessoas jur\u00eddicas de direito privado e as que lhes s\u00e3o equiparadas pela legisla\u00e7\u00e3o do Imposto de Renda, submetidas \u00e0 apura\u00e7\u00e3o da Contribui\u00e7\u00e3o para o PIS\/Pasep e da Cofins, nos regimes cumulativo e n\u00e3o cumulativo, inclusive aquelas que apuram a Contribui\u00e7\u00e3o para o PIS\/Pasep com base na folha de sal\u00e1rios, devem apresentar o Dacon com informa\u00e7\u00f5es relativas a fevereiro\/2012, nesta segunda-feira,  dia 9-4-2012.<\/p>\n<p>Se o declarante apresentar o Dacon em atraso ou deixar de apresent\u00e1-lo ficar\u00e1 sujeito \u00e0 multa de 2%, ao m\u00eas-calend\u00e1rio ou fra\u00e7\u00e3o, incidente sobre o montante da Cofins, ou, na sua falta, da Contribui\u00e7\u00e3o para o PIS\/Pasep informada, limitada a 20%, reduzida \u00e0 metade se apresentado antes de qualquer procedimento de of\u00edcio. A multa m\u00ednima a ser aplicada ser\u00e1 de R$ 500,00, ou, R$ 200,00, no caso de pessoa jur\u00eddica inativa.<\/p>\n","protected":false},"excerpt":{"rendered":"<p>As pessoas jur\u00eddicas de direito privado e as que lhes s\u00e3o equiparadas pela legisla\u00e7\u00e3o do Imposto de Renda, submetidas \u00e0 apura\u00e7\u00e3o da Contribui\u00e7\u00e3o para o PIS\/Pasep e da Cofins, nos regimes cumulativo e n\u00e3o cumulativo, inclusive aquelas que apuram a Contribui\u00e7\u00e3o para o PIS\/Pasep com base na folha de sal\u00e1rios, devem apresentar o Dacon com [&hellip;]<\/p>\n","protected":false},"author":1,"featured_media":0,"comment_status":"open","ping_status":"open","sticky":false,"template":"","format":"standard","meta":{"jetpack_post_was_ever_published":false,"_jetpack_newsletter_access":"","jetpack_publicize_message":"","jetpack_is_tweetstorm":false,"jetpack_publicize_feature_enabled":true,"jetpack_social_post_already_shared":false,"jetpack_social_options":{"image_generator_settings":{"template":"highway","enabled":false}}},"categories":[],"tags":[],"jetpack_publicize_connections":[],"jetpack_featured_media_url":"","jetpack_sharing_enabled":true,"jetpack_shortlink":"https:\/\/wp.me\/p28224-bn","jetpack_likes_enabled":true,"jetpack-related-posts":[],"amp_enabled":true,"_links":{"self":[{"href":"https:\/\/escritacontabilidade.adv.br\/blog\/wp-json\/wp\/v2\/posts\/705"}],"collection":[{"href":"https:\/\/escritacontabilidade.adv.br\/blog\/wp-json\/wp\/v2\/posts"}],"about":[{"href":"https:\/\/escritacontabilidade.adv.br\/blog\/wp-json\/wp\/v2\/types\/post"}],"author":[{"embeddable":true,"href":"https:\/\/escritacontabilidade.adv.br\/blog\/wp-json\/wp\/v2\/users\/1"}],"replies":[{"embeddable":true,"href":"https:\/\/escritacontabilidade.adv.br\/blog\/wp-json\/wp\/v2\/comments?post=705"}],"version-history":[{"count":1,"href":"https:\/\/escritacontabilidade.adv.br\/blog\/wp-json\/wp\/v2\/posts\/705\/revisions"}],"predecessor-version":[{"id":706,"href":"https:\/\/escritacontabilidade.adv.br\/blog\/wp-json\/wp\/v2\/posts\/705\/revisions\/706"}],"wp:attachment":[{"href":"https:\/\/escritacontabilidade.adv.br\/blog\/wp-json\/wp\/v2\/media?parent=705"}],"wp:term":[{"taxonomy":"category","embeddable":true,"href":"https:\/\/escritacontabilidade.adv.br\/blog\/wp-json\/wp\/v2\/categories?post=705"},{"taxonomy":"post_tag","embeddable":true,"href":"https:\/\/escritacontabilidade.adv.br\/blog\/wp-json\/wp\/v2\/tags?post=705"}],"curies":[{"name":"wp","href":"https:\/\/api.w.org\/{rel}","templated":true}]}}