{"id":6626,"date":"2016-06-30T15:24:35","date_gmt":"2016-06-30T18:24:35","guid":{"rendered":"http:\/\/escritacontabilidade.adv.br\/blog\/?p=6626"},"modified":"2016-06-30T15:24:35","modified_gmt":"2016-06-30T18:24:35","slug":"ministro-da-fazenda-diz-que-ja-houve-conquistas-na-economia","status":"publish","type":"post","link":"https:\/\/escritacontabilidade.adv.br\/blog\/2016\/06\/ministro-da-fazenda-diz-que-ja-houve-conquistas-na-economia\/","title":{"rendered":"Ministro da Fazenda diz que j\u00e1 houve conquistas na economia"},"content":{"rendered":"<p>O ministro da Fazenda, Henrique Meirelles, diz que j\u00e1 conquistou resultados na economia, um deles \u00e9 a invers\u00e3o na tend\u00eancia de queda de \u00edndices de confian\u00e7a no pa\u00eds. ?A curva j\u00e1 inverteu, o que mostra que estamos no caminho certo?, disse Meirelles ontem (29) na abertura da 43\u00aa edi\u00e7\u00e3o da premia\u00e7\u00e3o Melhores e Maiores, da revista Exame.<br \/>\nMeirelles disse um diagn\u00f3stico correto da crise econ\u00f4mica \u00e9 importante diante do ambiente de recess\u00e3o que o Brasil passa, para que se possa trabalhar nas solu\u00e7\u00f5es. ?Na economia, como na vida e como na medicina, \u00e9 importante que o diagn\u00f3stico seja correto. A partir da\u00ed, n\u00f3s vamos trabalhar com efici\u00eancia as causas dos problemas?, disse.<br \/>\nSegundo Meirelles, os pa\u00edses que mais cresceram e que mais deram certo foram aqueles que atacaram, a princ\u00edpio, os principais problemas, e n\u00e3o aqueles que tentaram resolver todos os problemas de uma s\u00f3 vez.<br \/>\nMeirelles citou uma compara\u00e7\u00e3o entre dois grupos de pa\u00edses que tinham partido de uma base baixa, os chamados subdesenvolvidos. ?[Em] ambos os grupos, os pa\u00edses tem longa lista de problemas. A tenta\u00e7\u00e3o de todos \u00e9 atacar todos os prolemas ao mesmo tempo?, disse. Segundo o ministro, os pa\u00edses que se concentraram em identificar os principais problemas e resolv\u00ea-los cresceram de forma substancial. ?Deixaram de ser pa\u00edses pobres, deixaram de ser pa\u00edses subdesenvolvidos e passaram a ser pot\u00eancias industriais?.<br \/>\nCausas da crise<br \/>\nSobre as causas da crise, para Meirelles, houve a queda da confian\u00e7a no pa\u00eds e em sua economia, que fez com que o Brasil perdesse investimento e diminu\u00edsse contrata\u00e7\u00f5es. Ele atribui esses problemas \u00e0 falta de sustentabilidade do crescimento das despesas p\u00fablicas e da d\u00edvida p\u00fablica. Segundo o ministro, no momento em que a despesa e a d\u00edvida p\u00fablicas sobem muito e de forma insustent\u00e1vel, consequentemente aumenta-se tamb\u00e9m o risco.<br \/>\n?Quanto mais sobre a d\u00edvida p\u00fablica, \u00e9 mais recursos que o governo tem que captar na sociedade. As coisas se somam numa espiral negativa?, disse, citando o desemprego, a queda do consumo e uma s\u00e9rie de a\u00e7\u00f5es em cadeia que tendem a desestabilizar a economia.<br \/>\nMeirelles acredita que, frente ao que chama de ?diagn\u00f3stico central?, o pa\u00eds tem que controlar esse crescimento insustent\u00e1vel da despesa p\u00fablica. A solu\u00e7\u00e3o apontada por ele \u00e9 uma proposta de emenda constitucional sobre o teto de gastos, que limitaria o crescimento das despesas \u00e0 infla\u00e7\u00e3o do ano anterior.<br \/>\nEdi\u00e7\u00e3o:\u00a0F\u00e1bio Massalli<br \/>\nFonte: Ag\u00eancia Brasil <span class=\"style1\"><em>Not\u00edcia publicada quinta-feira, 30 de junho, 2016<\/em><\/span><\/p>\n","protected":false},"excerpt":{"rendered":"<p>O ministro da Fazenda, Henrique Meirelles, diz que j\u00e1 conquistou resultados na economia, um deles \u00e9 a invers\u00e3o na tend\u00eancia de queda de \u00edndices de confian\u00e7a no pa\u00eds. ?A curva j\u00e1 inverteu, o que mostra que estamos no caminho certo?, disse Meirelles ontem (29) na abertura da 43\u00aa edi\u00e7\u00e3o da premia\u00e7\u00e3o Melhores e Maiores, da [&hellip;]<\/p>\n","protected":false},"author":1,"featured_media":0,"comment_status":"closed","ping_status":"closed","sticky":false,"template":"","format":"standard","meta":{"jetpack_post_was_ever_published":false,"_jetpack_newsletter_access":"","jetpack_publicize_message":"","jetpack_is_tweetstorm":false,"jetpack_publicize_feature_enabled":true,"jetpack_social_post_already_shared":true,"jetpack_social_options":{"image_generator_settings":{"template":"highway","enabled":false}}},"categories":[4,7,1,8],"tags":[],"jetpack_publicize_connections":[],"jetpack_featured_media_url":"","jetpack_sharing_enabled":true,"jetpack_shortlink":"https:\/\/wp.me\/p28224-1IS","jetpack_likes_enabled":true,"jetpack-related-posts":[],"amp_enabled":true,"_links":{"self":[{"href":"https:\/\/escritacontabilidade.adv.br\/blog\/wp-json\/wp\/v2\/posts\/6626"}],"collection":[{"href":"https:\/\/escritacontabilidade.adv.br\/blog\/wp-json\/wp\/v2\/posts"}],"about":[{"href":"https:\/\/escritacontabilidade.adv.br\/blog\/wp-json\/wp\/v2\/types\/post"}],"author":[{"embeddable":true,"href":"https:\/\/escritacontabilidade.adv.br\/blog\/wp-json\/wp\/v2\/users\/1"}],"replies":[{"embeddable":true,"href":"https:\/\/escritacontabilidade.adv.br\/blog\/wp-json\/wp\/v2\/comments?post=6626"}],"version-history":[{"count":1,"href":"https:\/\/escritacontabilidade.adv.br\/blog\/wp-json\/wp\/v2\/posts\/6626\/revisions"}],"predecessor-version":[{"id":6627,"href":"https:\/\/escritacontabilidade.adv.br\/blog\/wp-json\/wp\/v2\/posts\/6626\/revisions\/6627"}],"wp:attachment":[{"href":"https:\/\/escritacontabilidade.adv.br\/blog\/wp-json\/wp\/v2\/media?parent=6626"}],"wp:term":[{"taxonomy":"category","embeddable":true,"href":"https:\/\/escritacontabilidade.adv.br\/blog\/wp-json\/wp\/v2\/categories?post=6626"},{"taxonomy":"post_tag","embeddable":true,"href":"https:\/\/escritacontabilidade.adv.br\/blog\/wp-json\/wp\/v2\/tags?post=6626"}],"curies":[{"name":"wp","href":"https:\/\/api.w.org\/{rel}","templated":true}]}}