{"id":6498,"date":"2016-05-11T15:04:59","date_gmt":"2016-05-11T18:04:59","guid":{"rendered":"http:\/\/escritacontabilidade.adv.br\/blog\/?p=6498"},"modified":"2016-05-11T15:04:59","modified_gmt":"2016-05-11T18:04:59","slug":"multa-por-corrupcao-pode-ser-herdada-por-novo-controlador","status":"publish","type":"post","link":"https:\/\/escritacontabilidade.adv.br\/blog\/2016\/05\/multa-por-corrupcao-pode-ser-herdada-por-novo-controlador\/","title":{"rendered":"Multa por corrup\u00e7\u00e3o pode ser herdada por novo controlador"},"content":{"rendered":"<p>Os quatro primeiros meses de 2016 registraram recorde de pedidos de recupera\u00e7\u00e3o judicial, dispositivo em que a empresa recorre \u00e0 Justi\u00e7a para aprovar planos de pagamento de suas d\u00edvidas. Nesse contexto, a preocupa\u00e7\u00e3o acerca da responsabilidade sobre passivos da empresa em d\u00e9bito volta a rondar o mercado.<\/p>\n<p>At\u00e9 2013, n\u00e3o havia d\u00favidas. De acordo com o texto da Nova Lei de Fal\u00eancias, em vigor desde junho de 2005, quem comprava uma companhia ou parte dela estava isento de suas penalidades. A situa\u00e7\u00e3o ficou mais nebulosa, no entanto, a partir da cria\u00e7\u00e3o da Lei Anticorrup\u00e7\u00e3o (12.846\/2013).<\/p>\n<p>Os primeiros questionamentos nos escrit\u00f3rios de advocacia surgiram ainda no ano passado, quando os primeiros ativos de companhias investigadas pela Opera\u00e7\u00e3o Lava Jato come\u00e7aram a ser vendidos. Algumas dessas empresas j\u00e1 anunciaram a decis\u00e3o de pedir recupera\u00e7\u00e3o judicial.<\/p>\n<p>?A lei diz expressamente que h\u00e1 sucess\u00e3o dos passivos?, diz Ricardo Gaillard, s\u00f3cio da \u00e1rea Compliance e Anticorrup\u00e7\u00e3o do escrit\u00f3rio Souza, Cescon, Barrieu &amp; Flesch Advogados. De acordo com o especialista, o comprador arca com o pagamento da multa, mas outras puni\u00e7\u00f5es n\u00e3o s\u00e3o herdadas, como a proibi\u00e7\u00e3o de prestar servi\u00e7os para \u00f3rg\u00e3os do poder p\u00fablico.<\/p>\n<p>?O conceito que est\u00e1 por tr\u00e1s disso \u00e9 impedir que o mecanismo da lei seja usado para que se fa\u00e7am fus\u00f5es e aquisi\u00e7\u00f5es que deixem para traz um passivo sem cumprir com as obriga\u00e7\u00f5es legais?, explica Gaillard.<\/p>\n<p>De acordo com ele, o imbr\u00f3glio ainda n\u00e3o tem uma resposta. Aqui no Brasil n\u00e3o h\u00e1 caso anterior que possa gerar precedente. Por outro lado, uma poss\u00edvel resposta pode estar no exterior. Nos Estados Unidos, a Justi\u00e7a deixou de multar compradores que aplicaram auditorias antes da aquisi\u00e7\u00e3o, mas n\u00e3o encontraram falhas.<\/p>\n<p>Solu\u00e7\u00e3o problem\u00e1tica. Para al\u00e9m das d\u00favidas do mercado, a recupera\u00e7\u00e3o judicial \u00e9 alvo de cr\u00edticas quando usada como solu\u00e7\u00e3o para sanar o endividamento das companhias. ?N\u00e3o \u00e9 a \u00fanica sa\u00edda e nem deveria ser a primeira?, afirma o s\u00f3cio da \u00e1rea de Recupera\u00e7\u00e3o Judicial do Veirano Advogados, Ricardo Gama.<\/p>\n<p>O advogado defende que o ideal \u00e9 evitar o processo, que pode ser lento e dispendioso. ?H\u00e1 boas alternativas como a renegocia\u00e7\u00e3o e a recupera\u00e7\u00e3o extrajudicial.? A segunda op\u00e7\u00e3o, ainda recente, pode ser bastante efetiva. A companhia deve aprovar seu plano com tr\u00eas quintos dos credores. Caso o juiz aprove, a proposta \u00e9 homologada em at\u00e9 30 dias.<\/p>\n<p>Mas, caso a recupera\u00e7\u00e3o judicial seja o \u00fanico caminho, Gama alerta que a empresa deve estar com o caixa robusto. ?As linhas tradicionais de cr\u00e9dito cessam e as d\u00edvidas feitas posteriormente ao processo judicial seguem normalmente.?<\/p>\n<p>Fonte: CONT\u00c1BEIS <span class=\"style1\"><em>Not\u00edcia publicada quarta-feira, 11 de maio, 2016<\/em><\/span><\/p>\n","protected":false},"excerpt":{"rendered":"<p>Os quatro primeiros meses de 2016 registraram recorde de pedidos de recupera\u00e7\u00e3o judicial, dispositivo em que a empresa recorre \u00e0 Justi\u00e7a para aprovar planos de pagamento de suas d\u00edvidas. Nesse contexto, a preocupa\u00e7\u00e3o acerca da responsabilidade sobre passivos da empresa em d\u00e9bito volta a rondar o mercado. At\u00e9 2013, n\u00e3o havia d\u00favidas. De acordo com [&hellip;]<\/p>\n","protected":false},"author":1,"featured_media":0,"comment_status":"closed","ping_status":"closed","sticky":false,"template":"","format":"standard","meta":{"jetpack_post_was_ever_published":false,"_jetpack_newsletter_access":"","jetpack_publicize_message":"","jetpack_is_tweetstorm":false,"jetpack_publicize_feature_enabled":true,"jetpack_social_post_already_shared":true,"jetpack_social_options":{"image_generator_settings":{"template":"highway","enabled":false}}},"categories":[4,7,1],"tags":[],"jetpack_publicize_connections":[],"jetpack_featured_media_url":"","jetpack_sharing_enabled":true,"jetpack_shortlink":"https:\/\/wp.me\/p28224-1GO","jetpack_likes_enabled":true,"jetpack-related-posts":[],"amp_enabled":true,"_links":{"self":[{"href":"https:\/\/escritacontabilidade.adv.br\/blog\/wp-json\/wp\/v2\/posts\/6498"}],"collection":[{"href":"https:\/\/escritacontabilidade.adv.br\/blog\/wp-json\/wp\/v2\/posts"}],"about":[{"href":"https:\/\/escritacontabilidade.adv.br\/blog\/wp-json\/wp\/v2\/types\/post"}],"author":[{"embeddable":true,"href":"https:\/\/escritacontabilidade.adv.br\/blog\/wp-json\/wp\/v2\/users\/1"}],"replies":[{"embeddable":true,"href":"https:\/\/escritacontabilidade.adv.br\/blog\/wp-json\/wp\/v2\/comments?post=6498"}],"version-history":[{"count":1,"href":"https:\/\/escritacontabilidade.adv.br\/blog\/wp-json\/wp\/v2\/posts\/6498\/revisions"}],"predecessor-version":[{"id":6499,"href":"https:\/\/escritacontabilidade.adv.br\/blog\/wp-json\/wp\/v2\/posts\/6498\/revisions\/6499"}],"wp:attachment":[{"href":"https:\/\/escritacontabilidade.adv.br\/blog\/wp-json\/wp\/v2\/media?parent=6498"}],"wp:term":[{"taxonomy":"category","embeddable":true,"href":"https:\/\/escritacontabilidade.adv.br\/blog\/wp-json\/wp\/v2\/categories?post=6498"},{"taxonomy":"post_tag","embeddable":true,"href":"https:\/\/escritacontabilidade.adv.br\/blog\/wp-json\/wp\/v2\/tags?post=6498"}],"curies":[{"name":"wp","href":"https:\/\/api.w.org\/{rel}","templated":true}]}}