{"id":6440,"date":"2016-03-28T15:30:13","date_gmt":"2016-03-28T18:30:13","guid":{"rendered":"http:\/\/escritacontabilidade.adv.br\/blog\/?p=6440"},"modified":"2016-03-28T15:30:13","modified_gmt":"2016-03-28T18:30:13","slug":"impenhorabilidade-do-bem-de-familia-deve-ser-estendida-apos-a-morte-do-devedor","status":"publish","type":"post","link":"https:\/\/escritacontabilidade.adv.br\/blog\/2016\/03\/impenhorabilidade-do-bem-de-familia-deve-ser-estendida-apos-a-morte-do-devedor\/","title":{"rendered":"Impenhorabilidade do bem de fam\u00edlia deve ser estendida ap\u00f3s a morte do devedor"},"content":{"rendered":"<p>Vi\u00fava e filha do autor de uma heran\u00e7a ajuizaram a\u00e7\u00e3o de embargos \u00e0 penhora em execu\u00e7\u00e3o fiscal movida pela Fazenda P\u00fablica do Estado de Minas Gerais contra uma empresa para cobran\u00e7a de ICMS declarado pelo contribuinte, o de cujus, e n\u00e3o recolhido.<\/p>\n<p>No caso a penhora recaiu sobre o \u00fanico bem deixado pelo falecido, qual seja, uma casa.<\/p>\n<p>Em primeira inst\u00e2ncia o ju\u00edzo reconheceu a impenhorabilidade do bem, contudo, o Tribunal de Justi\u00e7a de Minas Gerais aceitou a penhora.<\/p>\n<p>Inconformadas com a decis\u00e3o, as requerentes recorreram junto ao Superior Tribunal de Justi\u00e7a.<\/p>\n<p>O ministro relator Ricardo Villas B\u00f4as Cueva asseverou que \u201c\u00c9 indubit\u00e1vel a possibilidade de penhora de direitos heredit\u00e1rios por credores do autor da heran\u00e7a (devedor origin\u00e1rio), pass\u00edvel, inclusive, de ser realizada no rosto dos autos de invent\u00e1rio, desde que n\u00e3o recaia sobre o \u00fanico bem de fam\u00edlia que comp\u00f5e o acervo\u201d.<\/p>\n<p>O ministro destacou, ainda, que a \u201cimpenhorabilidade do bem de fam\u00edlia visa preservar o devedor do constrangimento do despejo que o relegue ao desabrigo. E tal garantia deve ser estendida, ap\u00f3s a sua morte, \u00e0 sua fam\u00edlia, no caso dos autos, esposa e filha, herdeiras necess\u00e1rias do autor da heran\u00e7a\u201d.<\/p>\n<p>Dessa forma, foi dado provimento ao recurso especial a fim de se restabelecer de forma integral a senten\u00e7a de proced\u00eancia dos embargos \u00e0 penhora.<\/p>\n<p>Processo relacionado: REsp 1271277.<\/p>\n","protected":false},"excerpt":{"rendered":"<p>Vi\u00fava e filha do autor de uma heran\u00e7a ajuizaram a\u00e7\u00e3o de embargos \u00e0 penhora em execu\u00e7\u00e3o fiscal movida pela Fazenda P\u00fablica do Estado de Minas Gerais contra uma empresa para cobran\u00e7a de ICMS declarado pelo contribuinte, o de cujus, e n\u00e3o recolhido. No caso a penhora recaiu sobre o \u00fanico bem deixado pelo falecido, qual [&hellip;]<\/p>\n","protected":false},"author":1,"featured_media":0,"comment_status":"closed","ping_status":"closed","sticky":false,"template":"","format":"standard","meta":{"jetpack_post_was_ever_published":false,"_jetpack_newsletter_access":"","jetpack_publicize_message":"","jetpack_is_tweetstorm":false,"jetpack_publicize_feature_enabled":true,"jetpack_social_post_already_shared":true,"jetpack_social_options":{"image_generator_settings":{"template":"highway","enabled":false}}},"categories":[4,5,1],"tags":[],"jetpack_publicize_connections":[],"jetpack_featured_media_url":"","jetpack_sharing_enabled":true,"jetpack_shortlink":"https:\/\/wp.me\/p28224-1FS","jetpack_likes_enabled":true,"jetpack-related-posts":[],"amp_enabled":true,"_links":{"self":[{"href":"https:\/\/escritacontabilidade.adv.br\/blog\/wp-json\/wp\/v2\/posts\/6440"}],"collection":[{"href":"https:\/\/escritacontabilidade.adv.br\/blog\/wp-json\/wp\/v2\/posts"}],"about":[{"href":"https:\/\/escritacontabilidade.adv.br\/blog\/wp-json\/wp\/v2\/types\/post"}],"author":[{"embeddable":true,"href":"https:\/\/escritacontabilidade.adv.br\/blog\/wp-json\/wp\/v2\/users\/1"}],"replies":[{"embeddable":true,"href":"https:\/\/escritacontabilidade.adv.br\/blog\/wp-json\/wp\/v2\/comments?post=6440"}],"version-history":[{"count":1,"href":"https:\/\/escritacontabilidade.adv.br\/blog\/wp-json\/wp\/v2\/posts\/6440\/revisions"}],"predecessor-version":[{"id":6441,"href":"https:\/\/escritacontabilidade.adv.br\/blog\/wp-json\/wp\/v2\/posts\/6440\/revisions\/6441"}],"wp:attachment":[{"href":"https:\/\/escritacontabilidade.adv.br\/blog\/wp-json\/wp\/v2\/media?parent=6440"}],"wp:term":[{"taxonomy":"category","embeddable":true,"href":"https:\/\/escritacontabilidade.adv.br\/blog\/wp-json\/wp\/v2\/categories?post=6440"},{"taxonomy":"post_tag","embeddable":true,"href":"https:\/\/escritacontabilidade.adv.br\/blog\/wp-json\/wp\/v2\/tags?post=6440"}],"curies":[{"name":"wp","href":"https:\/\/api.w.org\/{rel}","templated":true}]}}