{"id":6385,"date":"2016-03-10T16:26:32","date_gmt":"2016-03-10T19:26:32","guid":{"rendered":"http:\/\/escritacontabilidade.adv.br\/blog\/?p=6385"},"modified":"2016-03-10T16:26:32","modified_gmt":"2016-03-10T19:26:32","slug":"pagamento-a-empresas-do-programa-de-protecao-ao-emprego-e-agilizado","status":"publish","type":"post","link":"https:\/\/escritacontabilidade.adv.br\/blog\/2016\/03\/pagamento-a-empresas-do-programa-de-protecao-ao-emprego-e-agilizado\/","title":{"rendered":"Pagamento a empresas do Programa de Prote\u00e7\u00e3o ao Emprego \u00e9 agilizado"},"content":{"rendered":"<p>O Programa de Prote\u00e7\u00e3o ao Empregado &#8211; PPE foi alterado recentemente pelo governo federal objetivando agilizar o pagamento realizado \u00e0s empresas que anu\u00edram ao plano de preserva\u00e7\u00e3o de postos de trabalho.<\/p>\n<p>O Minist\u00e9rio do Trabalho e Previd\u00eancia Social, ap\u00f3s reclama\u00e7\u00e3o de diversas empresas, editou, e publicou no Di\u00e1rio Oficial da Uni\u00e3o de ontem (09\/03\/2016) Portaria que facilita o repasse da complementa\u00e7\u00e3o salarial dos trabalhadores \u00e0s empresas.<\/p>\n<p>A Portaria permite que as empresas enviem previamente a folha de pagamento dos funcion\u00e1rios.<\/p>\n<p>Assim, se a empresa n\u00e3o consegue enviar em tempo h\u00e1bil para o processamento do pagamento a posi\u00e7\u00e3o fechada da folha de pagamento, ela poder\u00e1 enviar a posi\u00e7\u00e3o pr\u00e9via. No caso, a empresa ter\u00e1 que encaminhar a folha \u00fatil at\u00e9 o 4\u00b0 dia \u00fatil ap\u00f3s a data de pagamento.<\/p>\n<p>Eventuais diferen\u00e7as de valores, seja de repasse complementar ou de devolu\u00e7\u00e3o, ser\u00e3o compensadas posteriormente.<\/p>\n","protected":false},"excerpt":{"rendered":"<p>O Programa de Prote\u00e7\u00e3o ao Empregado &#8211; PPE foi alterado recentemente pelo governo federal objetivando agilizar o pagamento realizado \u00e0s empresas que anu\u00edram ao plano de preserva\u00e7\u00e3o de postos de trabalho. O Minist\u00e9rio do Trabalho e Previd\u00eancia Social, ap\u00f3s reclama\u00e7\u00e3o de diversas empresas, editou, e publicou no Di\u00e1rio Oficial da Uni\u00e3o de ontem (09\/03\/2016) Portaria [&hellip;]<\/p>\n","protected":false},"author":1,"featured_media":0,"comment_status":"closed","ping_status":"closed","sticky":false,"template":"","format":"standard","meta":{"jetpack_post_was_ever_published":false,"_jetpack_newsletter_access":"","jetpack_publicize_message":"","jetpack_is_tweetstorm":false,"jetpack_publicize_feature_enabled":true,"jetpack_social_post_already_shared":true,"jetpack_social_options":{"image_generator_settings":{"template":"highway","enabled":false}}},"categories":[4,5,7,1,8],"tags":[],"jetpack_publicize_connections":[],"jetpack_featured_media_url":"","jetpack_sharing_enabled":true,"jetpack_shortlink":"https:\/\/wp.me\/p28224-1EZ","jetpack_likes_enabled":true,"jetpack-related-posts":[],"amp_enabled":true,"_links":{"self":[{"href":"https:\/\/escritacontabilidade.adv.br\/blog\/wp-json\/wp\/v2\/posts\/6385"}],"collection":[{"href":"https:\/\/escritacontabilidade.adv.br\/blog\/wp-json\/wp\/v2\/posts"}],"about":[{"href":"https:\/\/escritacontabilidade.adv.br\/blog\/wp-json\/wp\/v2\/types\/post"}],"author":[{"embeddable":true,"href":"https:\/\/escritacontabilidade.adv.br\/blog\/wp-json\/wp\/v2\/users\/1"}],"replies":[{"embeddable":true,"href":"https:\/\/escritacontabilidade.adv.br\/blog\/wp-json\/wp\/v2\/comments?post=6385"}],"version-history":[{"count":1,"href":"https:\/\/escritacontabilidade.adv.br\/blog\/wp-json\/wp\/v2\/posts\/6385\/revisions"}],"predecessor-version":[{"id":6386,"href":"https:\/\/escritacontabilidade.adv.br\/blog\/wp-json\/wp\/v2\/posts\/6385\/revisions\/6386"}],"wp:attachment":[{"href":"https:\/\/escritacontabilidade.adv.br\/blog\/wp-json\/wp\/v2\/media?parent=6385"}],"wp:term":[{"taxonomy":"category","embeddable":true,"href":"https:\/\/escritacontabilidade.adv.br\/blog\/wp-json\/wp\/v2\/categories?post=6385"},{"taxonomy":"post_tag","embeddable":true,"href":"https:\/\/escritacontabilidade.adv.br\/blog\/wp-json\/wp\/v2\/tags?post=6385"}],"curies":[{"name":"wp","href":"https:\/\/api.w.org\/{rel}","templated":true}]}}