{"id":6141,"date":"2015-12-18T18:14:47","date_gmt":"2015-12-18T20:14:47","guid":{"rendered":"http:\/\/escritacontabilidade.adv.br\/blog\/?p=6141"},"modified":"2015-12-18T18:14:47","modified_gmt":"2015-12-18T20:14:47","slug":"crise-afeta-faturamento-dos-pequenos-negocios-que-cai-17","status":"publish","type":"post","link":"https:\/\/escritacontabilidade.adv.br\/blog\/2015\/12\/crise-afeta-faturamento-dos-pequenos-negocios-que-cai-17\/","title":{"rendered":"Crise afeta faturamento dos pequenos neg\u00f3cios, que cai 17%"},"content":{"rendered":"<p>A crise econ\u00f4mica j\u00e1 bateu \u00e0 porta dos pequenos neg\u00f3cios brasileiros. Segundo levantamento do Servi\u00e7o Brasileiro de Apoio \u00e0s Micro e Pequenas Empresas (Sebrae), o faturamento desses neg\u00f3cios caiu 17% em outubro, na compara\u00e7\u00e3o com o mesmo per\u00edodo do ano passado. Frente a setembro, a queda foi de 2%.<\/p>\n<p>Com o recuo, os pequenos neg\u00f3cios faturaram, em m\u00e9dia, R$ 26,7 mil em outubro. Em outubro de 2014, esse valor era de R$ 32 mil.<\/p>\n<p>De acordo com a entidade, o impacto da crise parece ser inferior nas empresas de menor porte, como os microempreendedores individuais. Atualmente, s\u00e3o 5,6 milh\u00f5es de MEI no Brasil, o que corresponde a mais da metade dos donos de neg\u00f3cios optantes pelo Supersimples.<\/p>\n<p>A pesquisa mostra ainda que, durante o ano, o valor mais alto do faturamento m\u00e9dio mensal das empresas de pequeno porte ocorreu em janeiro, foi de R$ 29,1 mil. A \u00faltima vez que as micro e pequenas empresas tiveram uma m\u00e9dia de faturamento mensal superior a R$ 30 mil foi em dezembro de 2014, quando o faturamento m\u00e9dio foi de R$ 34,4 mil.<\/p>\n<p>&#8220;Juros e infla\u00e7\u00e3o em alta, aumento de desemprego e diminui\u00e7\u00e3o do rendimento m\u00e9dio real dos trabalhadores podem explicar essa queda no faturamento dos pequenos neg\u00f3cios&#8221;, diz o Sebrae em nota.<\/p>\n","protected":false},"excerpt":{"rendered":"<p>A crise econ\u00f4mica j\u00e1 bateu \u00e0 porta dos pequenos neg\u00f3cios brasileiros. Segundo levantamento do Servi\u00e7o Brasileiro de Apoio \u00e0s Micro e Pequenas Empresas (Sebrae), o faturamento desses neg\u00f3cios caiu 17% em outubro, na compara\u00e7\u00e3o com o mesmo per\u00edodo do ano passado. Frente a setembro, a queda foi de 2%. Com o recuo, os pequenos neg\u00f3cios [&hellip;]<\/p>\n","protected":false},"author":1,"featured_media":0,"comment_status":"closed","ping_status":"closed","sticky":false,"template":"","format":"standard","meta":{"jetpack_post_was_ever_published":false,"_jetpack_newsletter_access":"","jetpack_publicize_message":"","jetpack_is_tweetstorm":false,"jetpack_publicize_feature_enabled":true,"jetpack_social_post_already_shared":true,"jetpack_social_options":{"image_generator_settings":{"template":"highway","enabled":false}}},"categories":[4,7,1,8],"tags":[],"jetpack_publicize_connections":[],"jetpack_featured_media_url":"","jetpack_sharing_enabled":true,"jetpack_shortlink":"https:\/\/wp.me\/p28224-1B3","jetpack_likes_enabled":true,"jetpack-related-posts":[],"amp_enabled":true,"_links":{"self":[{"href":"https:\/\/escritacontabilidade.adv.br\/blog\/wp-json\/wp\/v2\/posts\/6141"}],"collection":[{"href":"https:\/\/escritacontabilidade.adv.br\/blog\/wp-json\/wp\/v2\/posts"}],"about":[{"href":"https:\/\/escritacontabilidade.adv.br\/blog\/wp-json\/wp\/v2\/types\/post"}],"author":[{"embeddable":true,"href":"https:\/\/escritacontabilidade.adv.br\/blog\/wp-json\/wp\/v2\/users\/1"}],"replies":[{"embeddable":true,"href":"https:\/\/escritacontabilidade.adv.br\/blog\/wp-json\/wp\/v2\/comments?post=6141"}],"version-history":[{"count":1,"href":"https:\/\/escritacontabilidade.adv.br\/blog\/wp-json\/wp\/v2\/posts\/6141\/revisions"}],"predecessor-version":[{"id":6142,"href":"https:\/\/escritacontabilidade.adv.br\/blog\/wp-json\/wp\/v2\/posts\/6141\/revisions\/6142"}],"wp:attachment":[{"href":"https:\/\/escritacontabilidade.adv.br\/blog\/wp-json\/wp\/v2\/media?parent=6141"}],"wp:term":[{"taxonomy":"category","embeddable":true,"href":"https:\/\/escritacontabilidade.adv.br\/blog\/wp-json\/wp\/v2\/categories?post=6141"},{"taxonomy":"post_tag","embeddable":true,"href":"https:\/\/escritacontabilidade.adv.br\/blog\/wp-json\/wp\/v2\/tags?post=6141"}],"curies":[{"name":"wp","href":"https:\/\/api.w.org\/{rel}","templated":true}]}}