{"id":6046,"date":"2015-11-27T16:12:05","date_gmt":"2015-11-27T18:12:05","guid":{"rendered":"http:\/\/escritacontabilidade.adv.br\/blog\/?p=6046"},"modified":"2015-11-27T16:12:05","modified_gmt":"2015-11-27T18:12:05","slug":"sef-mg-cria-cadastro-simplificado","status":"publish","type":"post","link":"https:\/\/escritacontabilidade.adv.br\/blog\/2015\/11\/sef-mg-cria-cadastro-simplificado\/","title":{"rendered":"SEF MG cria Cadastro Simplificado"},"content":{"rendered":"<p>A Secretaria de Fazenda de Minas Gerais criou o Cadastro Simplificado para as empresas de fora do estado poderem recolher o diferencial de al\u00edquota nas opera\u00e7\u00f5es e presta\u00e7\u00f5es que destinem bens e servi\u00e7os a consumidor final &#8211; n\u00e3o contribuinte &#8211; estabelecido em territ\u00f3rio mineiro. Esse recolhimento ser\u00e1 exigido a partir de 1\u00ba de janeiro de 2016, em cumprimento \u00e0 Emenda Constitucional 87\/2015. Uma das vantagens do Cadastro Simplificado \u00e9 permitir que os contribuintes paguem o imposto devido at\u00e9 o dia 15 do m\u00eas seguinte \u00e0 emiss\u00e3o da Nota Fiscal.<\/p>\n<p>Para entender<\/p>\n<p>Atualmente, nas transa\u00e7\u00f5es interestaduais (como as vendas efetuadas pela internet, por exemplo), o ICMS \u00e9 devido integralmente \u00e0 unidade da federa\u00e7\u00e3o do emitente calculado pela al\u00edquota interna da mesma, ou seja, ficando todo para o estado de origem. Com a entrada em vigor da EC 87, o estado de destino (onde est\u00e1 o comprador \u2013 consumidor final n\u00e3o contribuinte do ICMS) receber\u00e1 parte do diferencial de al\u00edquota. O diferencial a ser recolhido ser\u00e1 o valor referente \u00e0 diferen\u00e7a entre o ICMS destacado na opera\u00e7\u00e3o interna e interestadual. At\u00e9 2019, esse diferencial de al\u00edquota ser\u00e1 distribu\u00eddo entre as unidades da federa\u00e7\u00e3o envolvidas na transa\u00e7\u00e3o. A partir de 2019, ser\u00e1 repassado integralmente ao local de destino. Ao estabelecer o Cadastro Simplificado, Minas Gerais dispensa as empresas de outros estados de fazer inscri\u00e7\u00e3o no Cadastro de Contribuintes do ICMS Substitutos Tribut\u00e1rios (ST) Externos. Por outro lado, os contribuintes j\u00e1 inscritos neste cadastro n\u00e3o dever\u00e3o aderir ao Simplificado, pois a apura\u00e7\u00e3o do diferencial de al\u00edquota ser\u00e1 feita atrav\u00e9s da GIA-ST da mesma forma que para as opera\u00e7\u00f5es com ICMS-ST. Para mais informa\u00e7\u00f5es e o passo a passo para efetuar o Cadastro Simplificado, clique aqui.<\/p>\n<p>Empresas mineiras<\/p>\n<p>A Secretaria de Fazenda de Minas Gerais orienta as empresas mineiras a procurarem as unidades da federa\u00e7\u00e3o com as quais possuem opera\u00e7\u00f5es comerciais para se inteirarem das medidas adotadas para o recolhimento do diferencial de al\u00edquota do ICMS.<\/p>\n","protected":false},"excerpt":{"rendered":"<p>A Secretaria de Fazenda de Minas Gerais criou o Cadastro Simplificado para as empresas de fora do estado poderem recolher o diferencial de al\u00edquota nas opera\u00e7\u00f5es e presta\u00e7\u00f5es que destinem bens e servi\u00e7os a consumidor final &#8211; n\u00e3o contribuinte &#8211; estabelecido em territ\u00f3rio mineiro. Esse recolhimento ser\u00e1 exigido a partir de 1\u00ba de janeiro de [&hellip;]<\/p>\n","protected":false},"author":1,"featured_media":0,"comment_status":"closed","ping_status":"closed","sticky":false,"template":"","format":"standard","meta":{"jetpack_post_was_ever_published":false,"_jetpack_newsletter_access":"","jetpack_publicize_message":"","jetpack_is_tweetstorm":false,"jetpack_publicize_feature_enabled":true,"jetpack_social_post_already_shared":true,"jetpack_social_options":{"image_generator_settings":{"template":"highway","enabled":false}}},"categories":[4,7,1,8],"tags":[],"jetpack_publicize_connections":[],"jetpack_featured_media_url":"","jetpack_sharing_enabled":true,"jetpack_shortlink":"https:\/\/wp.me\/p28224-1zw","jetpack_likes_enabled":true,"jetpack-related-posts":[],"amp_enabled":true,"_links":{"self":[{"href":"https:\/\/escritacontabilidade.adv.br\/blog\/wp-json\/wp\/v2\/posts\/6046"}],"collection":[{"href":"https:\/\/escritacontabilidade.adv.br\/blog\/wp-json\/wp\/v2\/posts"}],"about":[{"href":"https:\/\/escritacontabilidade.adv.br\/blog\/wp-json\/wp\/v2\/types\/post"}],"author":[{"embeddable":true,"href":"https:\/\/escritacontabilidade.adv.br\/blog\/wp-json\/wp\/v2\/users\/1"}],"replies":[{"embeddable":true,"href":"https:\/\/escritacontabilidade.adv.br\/blog\/wp-json\/wp\/v2\/comments?post=6046"}],"version-history":[{"count":1,"href":"https:\/\/escritacontabilidade.adv.br\/blog\/wp-json\/wp\/v2\/posts\/6046\/revisions"}],"predecessor-version":[{"id":6047,"href":"https:\/\/escritacontabilidade.adv.br\/blog\/wp-json\/wp\/v2\/posts\/6046\/revisions\/6047"}],"wp:attachment":[{"href":"https:\/\/escritacontabilidade.adv.br\/blog\/wp-json\/wp\/v2\/media?parent=6046"}],"wp:term":[{"taxonomy":"category","embeddable":true,"href":"https:\/\/escritacontabilidade.adv.br\/blog\/wp-json\/wp\/v2\/categories?post=6046"},{"taxonomy":"post_tag","embeddable":true,"href":"https:\/\/escritacontabilidade.adv.br\/blog\/wp-json\/wp\/v2\/tags?post=6046"}],"curies":[{"name":"wp","href":"https:\/\/api.w.org\/{rel}","templated":true}]}}