{"id":5445,"date":"2015-01-08T17:50:56","date_gmt":"2015-01-08T19:50:56","guid":{"rendered":"http:\/\/escritacontabilidade.adv.br\/blog\/?p=5445"},"modified":"2015-01-08T17:50:56","modified_gmt":"2015-01-08T19:50:56","slug":"empresarios-e-ate-ministro-rejeitam-tributo-para-saude","status":"publish","type":"post","link":"https:\/\/escritacontabilidade.adv.br\/blog\/2015\/01\/empresarios-e-ate-ministro-rejeitam-tributo-para-saude\/","title":{"rendered":"Empres\u00e1rios e at\u00e9 ministro rejeitam tributo para sa\u00fade"},"content":{"rendered":"<p>A perspectiva de cria\u00e7\u00e3o de um tributo para financiar a sa\u00fade nos moldes da antiga Contribui\u00e7\u00e3o Provis\u00f3ria sobre Movimenta\u00e7\u00e3o Financeira (CPMF) foi criticada por empres\u00e1rios e vista com ressalvas por especialistas do setor. Em entrevista publicada nesta quarta-feira pelo Estado, o ministro Arthur Chioro defendeu a retomada do debate em torno de uma nova contribui\u00e7\u00e3o para garantir a sustentabilidade econ\u00f4mica do sistema, a m\u00e9dio e longo prazos.<\/p>\n<p>De acordo com o presidente da Associa\u00e7\u00e3o Nacional de Fabricantes de Ve\u00edculos Automotores (Anfavea), At\u00e9 no governo a proposta de Chioro enfrenta resist\u00eancia. O ministro do Desenvolvimento, Ind\u00fastria e Com\u00e9rcio Exterior, Armando Monteiro, j\u00e1 se declarou contr\u00e1rio a uma eventual recria\u00e7\u00e3o da CPMF, tributo que ele classificou como \u201cum grande retrocesso\u201d.<\/p>\n<p>\u201cEssas especula\u00e7\u00f5es em torno da CPMF sempre estiveram mais localizadas no ambiente pol\u00edtico do que no de formula\u00e7\u00e3o da pol\u00edtica macroecon\u00f4mica. Todos reconhecem que h\u00e1 um subfinanciamento da sa\u00fade\u201d, disse o ministro do Desenvolvimento. Monteiro tamb\u00e9m afirmou que, pelas caracter\u00edsticas do tributo, que \u00e9 cumulativo, seria \u201cdisfuncional\u201d para a economia brasileira.<\/p>\n<p>Professora do Instituto de Estudos em Sa\u00fade Coletiva da Universidade Federal do Rio de Janeiro (UFRJ), L\u00edgia Bahia defende que uma parcela maior de recursos j\u00e1 arrecadados seja encaminhada para a \u00e1rea. \u201cA sa\u00fade precisa de mais recursos, isso \u00e9 inquestion\u00e1vel, mas acredito que aumentar a tributa\u00e7\u00e3o n\u00e3o \u00e9 o melhor caminho\u201d, disse. \u201cA popula\u00e7\u00e3o, incluindo a classe m\u00e9dia, j\u00e1 paga um valor alto (de tributos)\u201d, afirmou L\u00edgia.<\/p>\n<p>Mais debate. Integrante da Comiss\u00e3o de Finan\u00e7as do Conselho Nacional de Sa\u00fade, Ronald Ferreira dos Santos considera bem-vindo o debate proposto por Chioro, mas sob a condi\u00e7\u00e3o de que ele venha atrelado a outro ponto: a vincula\u00e7\u00e3o de 10% da receita corrente bruta para gastos em sa\u00fade. Pela regra atual, os gastos de sa\u00fade devem ser equivalentes ao do ano anterior, acrescidos da varia\u00e7\u00e3o do Produto Interno Bruto (PIB).<\/p>\n<p>\u201cOs custos (com sa\u00fade) s\u00e3o crescentes. Neste ano, o reajuste (do or\u00e7amento do setor) ser\u00e1 pequeno diante das necessidades, \u00e9 preciso pensar em alternativas\u201d, disse Carlos Duarte, tamb\u00e9m do Conselho Nacional de Sa\u00fade.<\/p>\n<p>Para empres\u00e1rios, no entanto, a discuss\u00e3o n\u00e3o merece nem mesmo ser iniciada. O presidente da Confedera\u00e7\u00e3o Nacional de Ind\u00fastria (CNI), Robson Andrade, rejeita a proposta do ministro da Sa\u00fade.<\/p>\n<p>\u201cSou totalmente contr\u00e1rio ao aumento de impostos, sobretudo a recria\u00e7\u00e3o de uma contribui\u00e7\u00e3o nos moldes da CPMF. Ela n\u00e3o resolveu no passado, n\u00e3o houve um impacto positivo na sa\u00fade e provocou preju\u00edzos para o setor produtivo\u201d, afirmou Andrade. \/ COLABORARAM VICTOR MARTINS, ADRIANA FERNANDES, LA\u00cd;S ALEGRETTI e RENATA VER\u00cd;SSIMO  Luiz Moan, esse tipo de tributo \u201cincide em cascata e prejudicaria principalmente as pequenas e m\u00e9dias empresas\u201d. \u201cH\u00e1 formas mais inteligentes de se obter recursos para a \u00e1rea\u201d, afirmou Moan.<\/p>\n","protected":false},"excerpt":{"rendered":"<p>A perspectiva de cria\u00e7\u00e3o de um tributo para financiar a sa\u00fade nos moldes da antiga Contribui\u00e7\u00e3o Provis\u00f3ria sobre Movimenta\u00e7\u00e3o Financeira (CPMF) foi criticada por empres\u00e1rios e vista com ressalvas por especialistas do setor. Em entrevista publicada nesta quarta-feira pelo Estado, o ministro Arthur Chioro defendeu a retomada do debate em torno de uma nova contribui\u00e7\u00e3o [&hellip;]<\/p>\n","protected":false},"author":1,"featured_media":0,"comment_status":"open","ping_status":"open","sticky":false,"template":"","format":"standard","meta":{"jetpack_post_was_ever_published":false,"_jetpack_newsletter_access":"","jetpack_publicize_message":"","jetpack_is_tweetstorm":false,"jetpack_publicize_feature_enabled":true,"jetpack_social_post_already_shared":true,"jetpack_social_options":{"image_generator_settings":{"template":"highway","enabled":false}}},"categories":[],"tags":[],"jetpack_publicize_connections":[],"jetpack_featured_media_url":"","jetpack_sharing_enabled":true,"jetpack_shortlink":"https:\/\/wp.me\/p28224-1pP","jetpack_likes_enabled":true,"jetpack-related-posts":[{"id":5351,"url":"https:\/\/escritacontabilidade.adv.br\/blog\/2014\/12\/a-manobra-para-ressucitar-a-cpmf\/","url_meta":{"origin":5445,"position":0},"title":"A manobra para ressucitar a CPMF","author":"Clayton Teles das Merces","date":"12 dezembro 2014","format":false,"excerpt":"Est\u00e1 condenada ao fracasso a ideia de que o governo poder\u00e1 se safar da irresponsabilidade com as contas p\u00fablicas se conseguir recriar a famigerada CPMF. A Contribui\u00e7\u00e3o Provis\u00f3ria sobre Movimenta\u00e7\u00e3o Financeira seria apenas um artif\u00edcio para corrigir o d\u00e9ficit p\u00fablico, sem qualquer v\u00ednculo com sua inten\u00e7\u00e3o original. Por isso mesmo,\u2026","rel":"","context":"Post similar","block_context":{"text":"Post similar","link":""},"img":{"alt_text":"","src":"","width":0,"height":0},"classes":[]},{"id":3602,"url":"https:\/\/escritacontabilidade.adv.br\/blog\/2013\/10\/reforma-tributaria-so-no-futuro\/","url_meta":{"origin":5445,"position":1},"title":"Reforma Tribut\u00e1ria s\u00f3 no futuro","author":"Clayton Teles das Merces","date":"18 outubro 2013","format":false,"excerpt":"O presidente do Senado, Renan Calheiros (PMDB-AL), sinalizou qual poder\u00e1 ser o destino das propostas de reforma tribut\u00e1ria em tramita\u00e7\u00e3o no Congresso, a maioria de inciativa do governo federal, envolvendo principalmente o redesenho do ICMS. Ele decidiu enviar \u00e0 rec\u00e9m-criada Comiss\u00e3o Senado do Futuro a discuss\u00e3o sobre o pacto federativo,\u2026","rel":"","context":"Post similar","block_context":{"text":"Post similar","link":""},"img":{"alt_text":"","src":"","width":0,"height":0},"classes":[]},{"id":6564,"url":"https:\/\/escritacontabilidade.adv.br\/blog\/2016\/06\/cpmf-sera-retirada-da-projecao-de-receitas-do-governo-para-2017\/","url_meta":{"origin":5445,"position":2},"title":"CPMF ser\u00e1 retirada da proje\u00e7\u00e3o de receitas do governo para 2017","author":"Clayton Teles das Merces","date":"17 junho 2016","format":false,"excerpt":"\u00a0O ministro interino do Planejamento, Dyogo Oliveira, afirmou nesta quinta-feira (16\/06) que a\u00a0CPMF\u00a0ser\u00e1 retirada da proje\u00e7\u00e3o de receitas do governo para 2017. \"Apenas ser\u00e1 considerado aquilo que estiver efetivamente aprovado, essa ser\u00e1 nova metodologia\", disse o ministro durante audi\u00eancia p\u00fablica na Comiss\u00e3o Mista de Or\u00e7amento (CMO). \"Vamos retirar a CPMF\u2026","rel":"","context":"Em &quot;Contabilidade&quot;","block_context":{"text":"Contabilidade","link":"https:\/\/escritacontabilidade.adv.br\/blog\/Geral\/geral\/contabilidade\/"},"img":{"alt_text":"","src":"","width":0,"height":0},"classes":[]},{"id":6656,"url":"https:\/\/escritacontabilidade.adv.br\/blog\/2016\/07\/81-dos-brasileiros-sao-contra-aumento-de-impostos\/","url_meta":{"origin":5445,"position":3},"title":"81% dos brasileiros s\u00e3o contra aumento de impostos","author":"Clayton Teles das Merces","date":"14 julho 2016","format":false,"excerpt":"Em vez de elevar\u00a0tributos, os brasileiros acreditam que o governo federal deveria cortar gastos e melhorar a gest\u00e3o dos recursos para oferecer servi\u00e7os de qualidade para a popula\u00e7\u00e3o. Esse foi o resultado da pesquisa \"Retratos da Sociedade Brasileira - Servi\u00e7os P\u00fablicos, tributa\u00e7\u00e3o e gasto do governo\", realizada pelo Ibope Intelig\u00eancia\u2026","rel":"","context":"Em &quot;Contabilidade&quot;","block_context":{"text":"Contabilidade","link":"https:\/\/escritacontabilidade.adv.br\/blog\/Geral\/geral\/contabilidade\/"},"img":{"alt_text":"","src":"","width":0,"height":0},"classes":[]},{"id":2615,"url":"https:\/\/escritacontabilidade.adv.br\/blog\/2013\/02\/distorcoes-do-sistema-tributario\/","url_meta":{"origin":5445,"position":4},"title":"Distor\u00e7\u00f5es do sistema tribut\u00e1rio","author":"Clayton Teles das Merces","date":"27 fevereiro 2013","format":false,"excerpt":"O sistema tribut\u00e1rio brasileiro \u00e9 paradoxal. Ao mesmo tempo em que elevou de forma cont\u00ednua a carga tribut\u00e1ria a n\u00edveis superiores \u00e0 m\u00e9dia das economias avan\u00e7adas, acumulou distor\u00e7\u00f5es que tornam a m\u00e1 qualidade dos tributos um desafio maior que a quantidade arrecadada. A an\u00e1lise consta do trabalho Avalia\u00e7\u00e3o da Estrutura\u2026","rel":"","context":"Post similar","block_context":{"text":"Post similar","link":""},"img":{"alt_text":"","src":"","width":0,"height":0},"classes":[]},{"id":6444,"url":"https:\/\/escritacontabilidade.adv.br\/blog\/2016\/03\/entenda-mais-um-dos-superpoderes-do-fisco\/","url_meta":{"origin":5445,"position":5},"title":"Entenda mais um dos superpoderes do fisco","author":"Clayton Teles das Merces","date":"30 mar\u00e7o 2016","format":false,"excerpt":"Qualquer contribuinte, seja ele pessoa f\u00edsica ou jur\u00eddica, pode ter o sigilo banc\u00e1rio quebrado pela Receita Federal sem pr\u00e9via autoriza\u00e7\u00e3o da Justi\u00e7a. Esse n\u00e3o \u00e9 um procedimento novo, \u00e9 previsto na Lei Complementar 105, editada em 2001. Mas por ser pol\u00eamico, sempre foi questionado nas diferentes inst\u00e2ncias do judici\u00e1rio. O\u2026","rel":"","context":"Em &quot;Contabilidade&quot;","block_context":{"text":"Contabilidade","link":"https:\/\/escritacontabilidade.adv.br\/blog\/Geral\/geral\/contabilidade\/"},"img":{"alt_text":"","src":"","width":0,"height":0},"classes":[]}],"amp_enabled":true,"_links":{"self":[{"href":"https:\/\/escritacontabilidade.adv.br\/blog\/wp-json\/wp\/v2\/posts\/5445"}],"collection":[{"href":"https:\/\/escritacontabilidade.adv.br\/blog\/wp-json\/wp\/v2\/posts"}],"about":[{"href":"https:\/\/escritacontabilidade.adv.br\/blog\/wp-json\/wp\/v2\/types\/post"}],"author":[{"embeddable":true,"href":"https:\/\/escritacontabilidade.adv.br\/blog\/wp-json\/wp\/v2\/users\/1"}],"replies":[{"embeddable":true,"href":"https:\/\/escritacontabilidade.adv.br\/blog\/wp-json\/wp\/v2\/comments?post=5445"}],"version-history":[{"count":1,"href":"https:\/\/escritacontabilidade.adv.br\/blog\/wp-json\/wp\/v2\/posts\/5445\/revisions"}],"predecessor-version":[{"id":5446,"href":"https:\/\/escritacontabilidade.adv.br\/blog\/wp-json\/wp\/v2\/posts\/5445\/revisions\/5446"}],"wp:attachment":[{"href":"https:\/\/escritacontabilidade.adv.br\/blog\/wp-json\/wp\/v2\/media?parent=5445"}],"wp:term":[{"taxonomy":"category","embeddable":true,"href":"https:\/\/escritacontabilidade.adv.br\/blog\/wp-json\/wp\/v2\/categories?post=5445"},{"taxonomy":"post_tag","embeddable":true,"href":"https:\/\/escritacontabilidade.adv.br\/blog\/wp-json\/wp\/v2\/tags?post=5445"}],"curies":[{"name":"wp","href":"https:\/\/api.w.org\/{rel}","templated":true}]}}