{"id":5412,"date":"2014-12-24T08:48:21","date_gmt":"2014-12-24T10:48:21","guid":{"rendered":"http:\/\/escritacontabilidade.adv.br\/blog\/?p=5412"},"modified":"2014-12-24T08:48:21","modified_gmt":"2014-12-24T10:48:21","slug":"creditos-tributarios-judiciais-parecer-explicita-procedimentos","status":"publish","type":"post","link":"https:\/\/escritacontabilidade.adv.br\/blog\/2014\/12\/creditos-tributarios-judiciais-parecer-explicita-procedimentos\/","title":{"rendered":"Cr\u00e9ditos Tribut\u00e1rios Judiciais \u2013 Parecer Explicita Procedimentos"},"content":{"rendered":"<p>Atrav\u00e9s do Parecer Normativo COSIT 11\/2014 a Receita Federal do Brasil explicitou os procedimentos para compensa\u00e7\u00e3o de Cr\u00e9ditos Tribut\u00e1rios Decorrente de A\u00e7\u00e3o Judicial.<\/p>\n<p>O cr\u00e9dito tribut\u00e1rio decorrente de a\u00e7\u00e3o judicial pode ser executado na pr\u00f3pria a\u00e7\u00e3o judicial para pagamento via precat\u00f3rio ou requisi\u00e7\u00e3o de pequeno valor ou, por op\u00e7\u00e3o do sujeito passivo, ser objeto de compensa\u00e7\u00e3o com d\u00e9bitos tribut\u00e1rios pr\u00f3prios na via administrativa, dentro das regras normativas em vigor.<\/p>\n<p>O prazo para a compensa\u00e7\u00e3o mediante apresenta\u00e7\u00e3o de Declara\u00e7\u00e3o de Compensa\u00e7\u00e3o de cr\u00e9dito tribut\u00e1rio decorrente de a\u00e7\u00e3o judicial \u00e9 de cinco anos, contados do tr\u00e2nsito em julgado da senten\u00e7a que reconheceu o cr\u00e9dito ou da homologa\u00e7\u00e3o da desist\u00eancia de sua execu\u00e7\u00e3o.<\/p>\n<p>No per\u00edodo entre o pedido de habilita\u00e7\u00e3o do cr\u00e9dito decorrente de a\u00e7\u00e3o judicial e a ci\u00eancia do seu deferimento definitivo no \u00e2mbito administrativo, o prazo prescricional para apresenta\u00e7\u00e3o da Declara\u00e7\u00e3o de Compensa\u00e7\u00e3o fica suspenso.<\/p>\n","protected":false},"excerpt":{"rendered":"<p>Atrav\u00e9s do Parecer Normativo COSIT 11\/2014 a Receita Federal do Brasil explicitou os procedimentos para compensa\u00e7\u00e3o de Cr\u00e9ditos Tribut\u00e1rios Decorrente de A\u00e7\u00e3o Judicial. O cr\u00e9dito tribut\u00e1rio decorrente de a\u00e7\u00e3o judicial pode ser executado na pr\u00f3pria a\u00e7\u00e3o judicial para pagamento via precat\u00f3rio ou requisi\u00e7\u00e3o de pequeno valor ou, por op\u00e7\u00e3o do sujeito passivo, ser objeto de [&hellip;]<\/p>\n","protected":false},"author":1,"featured_media":0,"comment_status":"open","ping_status":"open","sticky":false,"template":"","format":"standard","meta":{"jetpack_post_was_ever_published":false,"_jetpack_newsletter_access":"","jetpack_publicize_message":"","jetpack_is_tweetstorm":false,"jetpack_publicize_feature_enabled":true,"jetpack_social_post_already_shared":true,"jetpack_social_options":{"image_generator_settings":{"template":"highway","enabled":false}}},"categories":[],"tags":[],"jetpack_publicize_connections":[],"jetpack_featured_media_url":"","jetpack_sharing_enabled":true,"jetpack_shortlink":"https:\/\/wp.me\/p28224-1pi","jetpack_likes_enabled":true,"jetpack-related-posts":[{"id":2208,"url":"https:\/\/escritacontabilidade.adv.br\/blog\/2012\/11\/receita-limita-uso-de-creditos-reconhecidos-por-decisao-judicial\/","url_meta":{"origin":5412,"position":0},"title":"Receita limita uso de cr\u00e9ditos reconhecidos por decis\u00e3o judicial","author":"Clayton Teles das Merces","date":"22 novembro 2012","format":false,"excerpt":"Os cr\u00e9ditos reconhecidos por decis\u00e3o judicial somente poder\u00e3o ser utilizados para compensa\u00e7\u00e3o de outros tributos, segundo a Instru\u00e7\u00e3o Normativa n\u00ba 1.300 da Receita Federal, publicada nesta quarta-feira no \u201cDi\u00e1rio Oficial da Uni\u00e3o\u201d. Ou seja, se houver sobra de recursos o contribuinte n\u00e3o poder\u00e1 solicitar a restitui\u00e7\u00e3o do dinheiro, como estava\u2026","rel":"","context":"Post similar","block_context":{"text":"Post similar","link":""},"img":{"alt_text":"","src":"","width":0,"height":0},"classes":[]},{"id":212,"url":"https:\/\/escritacontabilidade.adv.br\/blog\/2011\/08\/deposito-vinculado-a-debito-judicial-com-transito-em-julgado-pode-pagar-divida-tributaria-noticias-stj\/","url_meta":{"origin":5412,"position":1},"title":"Dep\u00f3sito vinculado a d\u00e9bito judicial com tr\u00e2nsito em julgado pode pagar d\u00edvida tribut\u00e1ria (Not\u00edcias STJ)","author":"Clayton Teles das Merces","date":"16 agosto 2011","format":false,"excerpt":"O contribuinte pode utilizar dep\u00f3sitos judiciais, ainda n\u00e3o transformados em pagamento definitivo, vinculados a processos j\u00e1 transitados em julgado, para a quita\u00e7\u00e3o de d\u00e9bitos com as redu\u00e7\u00f5es por remiss\u00e3o e anistia previstas na Lei\u00a011.941\/09. A decis\u00e3o \u00e9 da Primeira Se\u00e7\u00e3o do Superior Tribunal de Justi\u00e7a (STJ), ao julgar um caso\u2026","rel":"","context":"Post similar","block_context":{"text":"Post similar","link":""},"img":{"alt_text":"","src":"","width":0,"height":0},"classes":[]},{"id":3502,"url":"https:\/\/escritacontabilidade.adv.br\/blog\/2013\/10\/como-reaver-creditos-tributarios\/","url_meta":{"origin":5412,"position":2},"title":"Como reaver cr\u00e9ditos tribut\u00e1rios","author":"Clayton Teles das Merces","date":"3 outubro 2013","format":false,"excerpt":"Os cr\u00e9ditos indevidos ou pagos a mais pelo empres\u00e1rio em impostos, tais como IPI (Imposto sobre Produtos Industrializados), contribui\u00e7\u00e3o social, Imposto de Renda de Pessoa Jur\u00eddica e outros, s\u00e3o poss\u00edveis de serem recuperados. Para se valer desse direito \u00e9 necess\u00e1rio acionar juridicamente a Receita Federal, por meio de a\u00e7\u00e3o espec\u00edfica,\u2026","rel":"","context":"Post similar","block_context":{"text":"Post similar","link":""},"img":{"alt_text":"","src":"","width":0,"height":0},"classes":[]},{"id":1568,"url":"https:\/\/escritacontabilidade.adv.br\/blog\/2012\/07\/creditos-tributarios-falsos-por-que-essa-armadilha-e-tao-reincidente\/","url_meta":{"origin":5412,"position":3},"title":"Cr\u00e9ditos tribut\u00e1rios falsos: Por que essa armadilha \u00e9 t\u00e3o reincidente?","author":"Clayton Teles das Merces","date":"25 julho 2012","format":false,"excerpt":"Frequentemente lemos noticias informando que a Receita Federal vem descobrindo fraudes relacionadas a golpes envolvendo falsos cr\u00e9ditos tribut\u00e1rios para abatimento de impostos e contribui\u00e7\u00f5es federais. As not\u00edcias s\u00e3o alarmantes no que se refere aos valores e quantidade de empresas que se utilizam dessa pr\u00e1tica. Atualmente, a Receita Federal de SP\u2026","rel":"","context":"Post similar","block_context":{"text":"Post similar","link":""},"img":{"alt_text":"","src":"","width":0,"height":0},"classes":[]},{"id":492,"url":"https:\/\/escritacontabilidade.adv.br\/blog\/2011\/12\/novo-valor-do-salario-minimo-a-partir-de-01012012\/","url_meta":{"origin":5412,"position":4},"title":"NOVO VALOR DO SALARIO MINIMO A PARTIR DE 01\/01\/2012","author":"Clayton Teles das Merces","date":"28 dezembro 2011","format":false,"excerpt":"Prezado Cliente No Di\u00e1rio Oficial da Uni\u00e3o de hoje (26.12.2011) foram publicados importantes atos, dentre os quais destacamos o Decreto n\u00ba 7.655\/2011, que estabeleceu o novo sal\u00e1rio m\u00ednimo, a Instru\u00e7\u00e3o Normativa RFB n\u00ba 1.224\/2011, que regulamentou a restitui\u00e7\u00e3o e a compensa\u00e7\u00e3o de cr\u00e9ditos do REINTEGRA e a restitui\u00e7\u00e3o do Simples\u2026","rel":"","context":"Post similar","block_context":{"text":"Post similar","link":""},"img":{"alt_text":"","src":"","width":0,"height":0},"classes":[]},{"id":486,"url":"https:\/\/escritacontabilidade.adv.br\/blog\/2011\/12\/salario-minimo-a-partir-de-janeiro-de-2012-perdcomp-e-nova-tipi\/","url_meta":{"origin":5412,"position":5},"title":"Sal\u00e1rio m\u00ednimo a partir de janeiro de 2012, PER\/DCOMP e nova TIPI","author":"Clayton Teles das Merces","date":"26 dezembro 2011","format":false,"excerpt":"Sal\u00e1rio m\u00ednimo a partir de janeiro de 2012, PER\/DCOMP e nova TIPI\u00a0- Tributos federais, previdenci\u00e1rios (INSS), REINTEGRA, Simples Nacional, PIS\/PASEP e COFINS - cr\u00e9dito presumido da agroind\u00fastria, CIDE-Combust\u00edveis, REPORTO, Programa Minha Casa Minha Vida - Altera\u00e7\u00f5es. No Di\u00e1rio Oficial da Uni\u00e3o de hoje (26.12.2011) foram publicados importantes atos, dentre os\u2026","rel":"","context":"Post similar","block_context":{"text":"Post similar","link":""},"img":{"alt_text":"","src":"","width":0,"height":0},"classes":[]}],"amp_enabled":true,"_links":{"self":[{"href":"https:\/\/escritacontabilidade.adv.br\/blog\/wp-json\/wp\/v2\/posts\/5412"}],"collection":[{"href":"https:\/\/escritacontabilidade.adv.br\/blog\/wp-json\/wp\/v2\/posts"}],"about":[{"href":"https:\/\/escritacontabilidade.adv.br\/blog\/wp-json\/wp\/v2\/types\/post"}],"author":[{"embeddable":true,"href":"https:\/\/escritacontabilidade.adv.br\/blog\/wp-json\/wp\/v2\/users\/1"}],"replies":[{"embeddable":true,"href":"https:\/\/escritacontabilidade.adv.br\/blog\/wp-json\/wp\/v2\/comments?post=5412"}],"version-history":[{"count":1,"href":"https:\/\/escritacontabilidade.adv.br\/blog\/wp-json\/wp\/v2\/posts\/5412\/revisions"}],"predecessor-version":[{"id":5413,"href":"https:\/\/escritacontabilidade.adv.br\/blog\/wp-json\/wp\/v2\/posts\/5412\/revisions\/5413"}],"wp:attachment":[{"href":"https:\/\/escritacontabilidade.adv.br\/blog\/wp-json\/wp\/v2\/media?parent=5412"}],"wp:term":[{"taxonomy":"category","embeddable":true,"href":"https:\/\/escritacontabilidade.adv.br\/blog\/wp-json\/wp\/v2\/categories?post=5412"},{"taxonomy":"post_tag","embeddable":true,"href":"https:\/\/escritacontabilidade.adv.br\/blog\/wp-json\/wp\/v2\/tags?post=5412"}],"curies":[{"name":"wp","href":"https:\/\/api.w.org\/{rel}","templated":true}]}}