{"id":5182,"date":"2014-10-24T14:04:27","date_gmt":"2014-10-24T16:04:27","guid":{"rendered":"http:\/\/escritacontabilidade.adv.br\/blog\/?p=5182"},"modified":"2014-10-24T14:04:27","modified_gmt":"2014-10-24T16:04:27","slug":"quando-e-como-o-mei-passa-a-ser-microempresa","status":"publish","type":"post","link":"https:\/\/escritacontabilidade.adv.br\/blog\/2014\/10\/quando-e-como-o-mei-passa-a-ser-microempresa\/","title":{"rendered":"Quando e como o MEI passa a ser microempresa?"},"content":{"rendered":"<p>Se voc\u00ea \u00e9 um microempreendedor individual (MEI) , sabe das particularidades do enquadramento nessa categoria fiscal. \u00c9 muito importante que microempreendedores individuais tenham consci\u00eancia sobre os crit\u00e9rios utilizados para o enquadramento nessa categoria e, mais importante, sobre quando seus rendimentos passam a obrig\u00e1-los a se encaixarem em outra categoria, transformando-se em microempresas.<\/p>\n<p>Isso ocorre porque, com o objetivo de regularizar trabalhadores informais, o governo concedeu certos incentivos \u00e0 categoria dos empreendedores individuais. Mas, a partir do momento em que os neg\u00f3cios se desenvolvem e os rendimentos aumentam, esse empreendedor passa a ter condi\u00e7\u00f5es de assumir mais responsabilidades perante o fisco, tendo tamb\u00e9m mais deveres e responsabilidades legais.<\/p>\n<p>Reunimos aqui as principais informa\u00e7\u00f5es que voc\u00ea precisa saber em rela\u00e7\u00e3o \u00e0 transforma\u00e7\u00e3o de MEI para microempresa. Confira:<\/p>\n<p>Marco para a transi\u00e7\u00e3o<\/p>\n<p>O marco financeiro utilizado para verificar se o microempreendedor individual \u00e9 sujeito ao regime das microempresas \u00e9 seu faturamento anual. Se ele for maior que 60 mil reais, existem duas possibilidades nas quais o MEI se enquadra:<\/p>\n<p>At\u00e9 72 mil reais de faturamento anual<\/p>\n<p>Os microempreendedores individuais que ultrapassam os 60 mil reais anuais, mas que tamb\u00e9m n\u00e3o chegam a 72 mil, enquadram-se em um regime de toler\u00e2ncia segundo o qual, at\u00e9 o m\u00eas de dezembro, eles recolhem o Documento de Arrecada\u00e7\u00e3o do Simples Nacional (DAS) como MEI. Os valores que excedem o faturamento de 60 mil devem ser recolhidos por meio de um DAS complementar, gerado no momento da Declara\u00e7\u00e3o Anual do MEI (DASN-SIMEI), com o mesmo vencimento estipulado no caso de tributos do Supersimples \u2014 normalmente, 20 de fevereiro.<\/p>\n<p>\u00c9 importante observar que, devido ao excesso de faturamento para a categoria, a partir de janeiro do pr\u00f3ximo ano, o empreendimento j\u00e1 \u00e9 enquadrado como microempresa no Supersimples, cujos percentuais de recolhimento s\u00e3o de 4%, 4,5% e 6%, a depender da atividade exercida.<\/p>\n<p>Acima de 72 mil reais de faturamento anual<\/p>\n<p>Nesses casos, se n\u00e3o for atingido o limite referente ao Simples Nacional \u2014 at\u00e9 3,6 milh\u00f5es de reais \u2014, o MEI \u00e9 considerado pelo regime de tributa\u00e7\u00e3o de microempresa \u2014 faturamento anual de at\u00e9 360 mil reais \u2014, ou de empresa de pequeno porte \u2014 faturamento anual entre 360 mil e 3,6 milh\u00f5es de reais.<\/p>\n<p>Essa mudan\u00e7a de status \u00e9 retroativa at\u00e9 janeiro ou ao m\u00eas de formaliza\u00e7\u00e3o na categoria. Por exemplo, se a quota de 72 mil reais foi ultrapassada em setembro do ano corrente, o regime de tributa\u00e7\u00e3o como microempresa retroage at\u00e9 janeiro do mesmo ano, independentemente de o faturamento, at\u00e9 ent\u00e3o, n\u00e3o se enquadrar nessa categoria. Assim, os impostos recolhidos s\u00e3o equivalentes aos da categoria do Supersimples, quais sejam, 4%, 4,5% ou 6%, a depender da atividade realizada.<\/p>\n<p>\u00c9 importante observar que, independentemente de qual situa\u00e7\u00e3o acima se aplica ao microempreendedor individual, ele deve, obrigatoriamente, solicitar no site da Receita Federal (Portal do Simples Nacional) seu descadastramento como MEI, porque estar\u00e1 sujeito a outro regime de tributa\u00e7\u00e3o.<\/p>\n","protected":false},"excerpt":{"rendered":"<p>Se voc\u00ea \u00e9 um microempreendedor individual (MEI) , sabe das particularidades do enquadramento nessa categoria fiscal. \u00c9 muito importante que microempreendedores individuais tenham consci\u00eancia sobre os crit\u00e9rios utilizados para o enquadramento nessa categoria e, mais importante, sobre quando seus rendimentos passam a obrig\u00e1-los a se encaixarem em outra categoria, transformando-se em microempresas. Isso ocorre porque, [&hellip;]<\/p>\n","protected":false},"author":1,"featured_media":0,"comment_status":"open","ping_status":"open","sticky":false,"template":"","format":"standard","meta":{"jetpack_post_was_ever_published":false,"_jetpack_newsletter_access":"","jetpack_publicize_message":"","jetpack_is_tweetstorm":false,"jetpack_publicize_feature_enabled":true,"jetpack_social_post_already_shared":true,"jetpack_social_options":{"image_generator_settings":{"template":"highway","enabled":false}}},"categories":[],"tags":[],"jetpack_publicize_connections":[],"jetpack_featured_media_url":"","jetpack_sharing_enabled":true,"jetpack_shortlink":"https:\/\/wp.me\/p28224-1lA","jetpack_likes_enabled":true,"jetpack-related-posts":[],"amp_enabled":true,"_links":{"self":[{"href":"https:\/\/escritacontabilidade.adv.br\/blog\/wp-json\/wp\/v2\/posts\/5182"}],"collection":[{"href":"https:\/\/escritacontabilidade.adv.br\/blog\/wp-json\/wp\/v2\/posts"}],"about":[{"href":"https:\/\/escritacontabilidade.adv.br\/blog\/wp-json\/wp\/v2\/types\/post"}],"author":[{"embeddable":true,"href":"https:\/\/escritacontabilidade.adv.br\/blog\/wp-json\/wp\/v2\/users\/1"}],"replies":[{"embeddable":true,"href":"https:\/\/escritacontabilidade.adv.br\/blog\/wp-json\/wp\/v2\/comments?post=5182"}],"version-history":[{"count":1,"href":"https:\/\/escritacontabilidade.adv.br\/blog\/wp-json\/wp\/v2\/posts\/5182\/revisions"}],"predecessor-version":[{"id":5183,"href":"https:\/\/escritacontabilidade.adv.br\/blog\/wp-json\/wp\/v2\/posts\/5182\/revisions\/5183"}],"wp:attachment":[{"href":"https:\/\/escritacontabilidade.adv.br\/blog\/wp-json\/wp\/v2\/media?parent=5182"}],"wp:term":[{"taxonomy":"category","embeddable":true,"href":"https:\/\/escritacontabilidade.adv.br\/blog\/wp-json\/wp\/v2\/categories?post=5182"},{"taxonomy":"post_tag","embeddable":true,"href":"https:\/\/escritacontabilidade.adv.br\/blog\/wp-json\/wp\/v2\/tags?post=5182"}],"curies":[{"name":"wp","href":"https:\/\/api.w.org\/{rel}","templated":true}]}}