{"id":5083,"date":"2014-10-06T13:41:35","date_gmt":"2014-10-06T16:41:35","guid":{"rendered":"http:\/\/escritacontabilidade.adv.br\/blog\/?p=5083"},"modified":"2014-10-06T13:41:35","modified_gmt":"2014-10-06T16:41:35","slug":"tecnico-em-contabilidade-tem-prazo-para-registro","status":"publish","type":"post","link":"https:\/\/escritacontabilidade.adv.br\/blog\/2014\/10\/tecnico-em-contabilidade-tem-prazo-para-registro\/","title":{"rendered":"T\u00e9cnico em Contabilidade tem prazo para registro"},"content":{"rendered":"<p>Os t\u00e9cnicos em contabilidade t\u00eam at\u00e9 o dia 1\u00ba de junho de 2015 para solicitar o registro no Conselho Regional de Contabilidade do seu Estado. Ap\u00f3s essa data, o profissional formado em n\u00edvel t\u00e9cnico n\u00e3o poder\u00e1 mais obter o registro profissional, de acordo com a Lei Federal n\u00ba 12.249\/10, aprovada pelo Congresso e em vigor, que extinguiu essa pr\u00e1tica.<\/p>\n<p>O dispositivo passou a fazer parte da norma que regulamenta a profiss\u00e3o dos contadores e dos t\u00e9cnicos em contabilidade, o Decreto-Lei 9.295, de 1946 e determina que somente os bachar\u00e9is em Ci\u00eancias Cont\u00e1beis possam se registrar no Conselho.<\/p>\n<p>A lei n\u00e3o afeta os profissionais j\u00e1 registrados, que poder\u00e3o manter e renovar os registros. Por isso, o Conselho Regional de Contabilidade de Minas Gerais (CRCMG) recomenda que o t\u00e9cnico que j\u00e1 obteve a aprova\u00e7\u00e3o no Exame de Sufici\u00eancia solicite o quanto antes o registro profissional.<\/p>\n<p>\u201cA partir dessa legisla\u00e7\u00e3o, apenas o bacharel em Ci\u00eancias Cont\u00e1beis poder\u00e1 ser registrado ap\u00f3s aprova\u00e7\u00e3o no Exame de Sufici\u00eancia\u201d, explica o vice-presidente de Registro do CRCMG, M\u00e1rio Mateus.<\/p>\n<p>Avalia\u00e7\u00e3o<\/p>\n<p>Resolu\u00e7\u00e3o. O CRCMG informa ainda que ser\u00e1 realizado apenas mais um Exame de Sufici\u00eancia para os t\u00e9cnicos antes da entrada em vigor da nova resolu\u00e7\u00e3o. Somente o profissional habilitado no Exame ou formado antes da lei 12.249\/10 pode solicitar o registro. O Exame j\u00e1 est\u00e1 agendado para o pr\u00f3ximo m\u00eas de mar\u00e7o e as inscri\u00e7\u00f5es podem ser feitas pelo sitewww.crcmg.org.br<\/p>\n","protected":false},"excerpt":{"rendered":"<p>Os t\u00e9cnicos em contabilidade t\u00eam at\u00e9 o dia 1\u00ba de junho de 2015 para solicitar o registro no Conselho Regional de Contabilidade do seu Estado. Ap\u00f3s essa data, o profissional formado em n\u00edvel t\u00e9cnico n\u00e3o poder\u00e1 mais obter o registro profissional, de acordo com a Lei Federal n\u00ba 12.249\/10, aprovada pelo Congresso e em vigor, [&hellip;]<\/p>\n","protected":false},"author":1,"featured_media":0,"comment_status":"open","ping_status":"open","sticky":false,"template":"","format":"standard","meta":{"jetpack_post_was_ever_published":false,"_jetpack_newsletter_access":"","jetpack_publicize_message":"","jetpack_is_tweetstorm":false,"jetpack_publicize_feature_enabled":true,"jetpack_social_post_already_shared":true,"jetpack_social_options":{"image_generator_settings":{"template":"highway","enabled":false}}},"categories":[],"tags":[],"jetpack_publicize_connections":[],"jetpack_featured_media_url":"","jetpack_sharing_enabled":true,"jetpack_shortlink":"https:\/\/wp.me\/p28224-1jZ","jetpack_likes_enabled":true,"jetpack-related-posts":[],"amp_enabled":true,"_links":{"self":[{"href":"https:\/\/escritacontabilidade.adv.br\/blog\/wp-json\/wp\/v2\/posts\/5083"}],"collection":[{"href":"https:\/\/escritacontabilidade.adv.br\/blog\/wp-json\/wp\/v2\/posts"}],"about":[{"href":"https:\/\/escritacontabilidade.adv.br\/blog\/wp-json\/wp\/v2\/types\/post"}],"author":[{"embeddable":true,"href":"https:\/\/escritacontabilidade.adv.br\/blog\/wp-json\/wp\/v2\/users\/1"}],"replies":[{"embeddable":true,"href":"https:\/\/escritacontabilidade.adv.br\/blog\/wp-json\/wp\/v2\/comments?post=5083"}],"version-history":[{"count":1,"href":"https:\/\/escritacontabilidade.adv.br\/blog\/wp-json\/wp\/v2\/posts\/5083\/revisions"}],"predecessor-version":[{"id":5084,"href":"https:\/\/escritacontabilidade.adv.br\/blog\/wp-json\/wp\/v2\/posts\/5083\/revisions\/5084"}],"wp:attachment":[{"href":"https:\/\/escritacontabilidade.adv.br\/blog\/wp-json\/wp\/v2\/media?parent=5083"}],"wp:term":[{"taxonomy":"category","embeddable":true,"href":"https:\/\/escritacontabilidade.adv.br\/blog\/wp-json\/wp\/v2\/categories?post=5083"},{"taxonomy":"post_tag","embeddable":true,"href":"https:\/\/escritacontabilidade.adv.br\/blog\/wp-json\/wp\/v2\/tags?post=5083"}],"curies":[{"name":"wp","href":"https:\/\/api.w.org\/{rel}","templated":true}]}}