{"id":5039,"date":"2014-09-29T15:15:32","date_gmt":"2014-09-29T18:15:32","guid":{"rendered":"http:\/\/escritacontabilidade.adv.br\/blog\/?p=5039"},"modified":"2014-09-29T15:15:32","modified_gmt":"2014-09-29T18:15:32","slug":"tsunami-fiscal","status":"publish","type":"post","link":"https:\/\/escritacontabilidade.adv.br\/blog\/2014\/09\/tsunami-fiscal\/","title":{"rendered":"Tsunami fiscal"},"content":{"rendered":"<p>Pessoa de meu relacionamento caiu na \u201cmalha fina\u201d da Receita Federal, referente ao Imposto de Renda Pessoa F\u00edsica 2008. Intimada a prestar esclarecimento \u00e0 Receita Federal, decorridos cinco anos, n\u00e3o recebeu os avisos de chamamento, eis que, inadvertidamente, n\u00e3o informou o novo endere\u00e7o residencial, tendo os avisos retornado ao remetente (Receita Federal). O seu suposto d\u00e9bito caiu em D\u00edvida Ativa, sendo encaminhado \u00e0 Procuradoria para execu\u00e7\u00e3o fiscal. Estranho que, na hora da cobran\u00e7a fiscal, a pessoa foi prontamente localizada, antes n\u00e3o. Embora cumpridas as formalidades de praxe pela Receita, entende a contribuinte que n\u00e3o teve oportunidade de se defender, em um ato de \u201ccerceamento de defesa\u201d. N\u00e3o soube das glosas. Resumindo: como pode uma professora com sal\u00e1rio que recebe pagar valor astron\u00f4mico, superior ao que recebeu durante todo o exerc\u00edcio de 2008, somando-se o principal mais acr\u00e9scimos? A conta \u00e9 desproporcional aos seus rendimentos. Criou-se a figura de uma inadimplente, com todas as consequ\u00eancias econ\u00f4micas e financeiras advindas. De outra parte, um Estado com voracidade excessiva para cobrar conta incobr\u00e1vel. (Gentil Pompermayer, Bento Gon\u00e7alves\/RS)<\/p>\n<p>Elei\u00e7\u00f5es<\/p>\n<p>Continua a avalanche do \u201cmais do mesmo\u201d na propaganda pol\u00edtica eleitoral. Todos dizem que far\u00e3o isso e aquilo, mas, realiza\u00e7\u00f5es e planejamento, muito pouco. Vamos ser mais objetivos, pessoal! (Ant\u00falio Lincoln, Gua\u00edba\/RS)<\/p>\n<p>Sal\u00e1rios<\/p>\n<p>N\u00e3o consigo entender como o reajuste do sal\u00e1rio-m\u00ednimo de 8,8% teria impacto insuport\u00e1vel nas contas do governo. Para os aposentados possivelmente ser\u00e1 de 6%. Como \u00e9 que os ministros do STF est\u00e3o pleiteando e ganhar\u00e3o reajuste de 22%? Ser\u00e1 que algu\u00e9m consegue explicar ou vamos ver como ser\u00e1 no dia 5 de outubro? (Romualdo Silva)<\/p>\n<p>G\u00e1s natural<\/p>\n<p>Agora, sim, os moradores do bairro Rio Branco sabem que obra e para que est\u00e1 sendo feita \u2013 bem feita, ali\u00e1s, com abertura e fechamento de valos com rapidez -, pois apareceu uma placa na rua Paulino Teixeira. Trata-se de canaliza\u00e7\u00e3o de g\u00e1s natural que ser\u00e1 oferecido aos moradores daquele e outros bairros de Porto Alegre. Vamos aguardar para ver se ser\u00e1 mais barato e evitar\u00e1 a troca de cilindros todos os meses em muitos edif\u00edcios. (Rosa Maria Sim\u00f5es)<\/p>\n<p>Copa<\/p>\n<p>Pelo menos tr\u00eas est\u00e1dios n\u00e3o t\u00eam uso maior ap\u00f3s a Copa do Mundo. S\u00e3o eles o de Natal, o de Cuiab\u00e1 e o de Manaus. S\u00e3o lindos, grandes, mas n\u00e3o t\u00eam aproveitamento. O melhor \u00e9 entreg\u00e1-los para explora\u00e7\u00e3o particular, mediante pagamento aos respectivos governos estaduais ou municipais.<\/p>\n","protected":false},"excerpt":{"rendered":"<p>Pessoa de meu relacionamento caiu na \u201cmalha fina\u201d da Receita Federal, referente ao Imposto de Renda Pessoa F\u00edsica 2008. Intimada a prestar esclarecimento \u00e0 Receita Federal, decorridos cinco anos, n\u00e3o recebeu os avisos de chamamento, eis que, inadvertidamente, n\u00e3o informou o novo endere\u00e7o residencial, tendo os avisos retornado ao remetente (Receita Federal). O seu suposto [&hellip;]<\/p>\n","protected":false},"author":1,"featured_media":0,"comment_status":"open","ping_status":"open","sticky":false,"template":"","format":"standard","meta":{"jetpack_post_was_ever_published":false,"_jetpack_newsletter_access":"","jetpack_publicize_message":"","jetpack_is_tweetstorm":false,"jetpack_publicize_feature_enabled":true,"jetpack_social_post_already_shared":true,"jetpack_social_options":{"image_generator_settings":{"template":"highway","enabled":false}}},"categories":[],"tags":[],"jetpack_publicize_connections":[],"jetpack_featured_media_url":"","jetpack_sharing_enabled":true,"jetpack_shortlink":"https:\/\/wp.me\/p28224-1jh","jetpack_likes_enabled":true,"jetpack-related-posts":[],"amp_enabled":true,"_links":{"self":[{"href":"https:\/\/escritacontabilidade.adv.br\/blog\/wp-json\/wp\/v2\/posts\/5039"}],"collection":[{"href":"https:\/\/escritacontabilidade.adv.br\/blog\/wp-json\/wp\/v2\/posts"}],"about":[{"href":"https:\/\/escritacontabilidade.adv.br\/blog\/wp-json\/wp\/v2\/types\/post"}],"author":[{"embeddable":true,"href":"https:\/\/escritacontabilidade.adv.br\/blog\/wp-json\/wp\/v2\/users\/1"}],"replies":[{"embeddable":true,"href":"https:\/\/escritacontabilidade.adv.br\/blog\/wp-json\/wp\/v2\/comments?post=5039"}],"version-history":[{"count":1,"href":"https:\/\/escritacontabilidade.adv.br\/blog\/wp-json\/wp\/v2\/posts\/5039\/revisions"}],"predecessor-version":[{"id":5040,"href":"https:\/\/escritacontabilidade.adv.br\/blog\/wp-json\/wp\/v2\/posts\/5039\/revisions\/5040"}],"wp:attachment":[{"href":"https:\/\/escritacontabilidade.adv.br\/blog\/wp-json\/wp\/v2\/media?parent=5039"}],"wp:term":[{"taxonomy":"category","embeddable":true,"href":"https:\/\/escritacontabilidade.adv.br\/blog\/wp-json\/wp\/v2\/categories?post=5039"},{"taxonomy":"post_tag","embeddable":true,"href":"https:\/\/escritacontabilidade.adv.br\/blog\/wp-json\/wp\/v2\/tags?post=5039"}],"curies":[{"name":"wp","href":"https:\/\/api.w.org\/{rel}","templated":true}]}}