{"id":4758,"date":"2014-06-27T16:14:32","date_gmt":"2014-06-27T19:14:32","guid":{"rendered":"http:\/\/escritacontabilidade.adv.br\/blog\/?p=4758"},"modified":"2014-06-27T16:14:32","modified_gmt":"2014-06-27T19:14:32","slug":"desemprego-cai-gracas-aos-servicos","status":"publish","type":"post","link":"https:\/\/escritacontabilidade.adv.br\/blog\/2014\/06\/desemprego-cai-gracas-aos-servicos\/","title":{"rendered":"Desemprego cai gra\u00e7as aos servi\u00e7os"},"content":{"rendered":"<p>A ind\u00fastria vem fechando postos de trabalho nos \u00faltimos meses, mas a expans\u00e3o de vagas em ramos de servi\u00e7os impediu que o desemprego no Grande ABC crescesse em maio. Pelo contr\u00e1rio, houve retra\u00e7\u00e3o no percentual de pessoas sem ocupa\u00e7\u00e3o no m\u00eas passado. Foi o que apontou a PED (Pesquisa de Emprego e Desemprego), realizada pelo Seade\/Dieese e divulgada ontem, que mostrou que a taxa de desemprego caiu de 11,2% em abril para 10,2% em maio.<\/p>\n<p>Esse \u00edndice (que se refere ao n\u00famero de desempregados em rela\u00e7\u00e3o ao total de pessoas no mercado de trabalho, ocupadas ou em busca de vagas) foi o menor para o m\u00eas desde o in\u00edcio da s\u00e9rie hist\u00f3rica do levantamento para a regi\u00e3o, em 1998.<\/p>\n<p>De acordo com o estudo, havia na regi\u00e3o 336 mil postos de trabalho no setor industrial em mar\u00e7o, n\u00famero que caiu para 322 mil em abril e para 317 mil em maio. As 5.000 vagas fechadas no m\u00eas passado se deveram ao ramo metalmec\u00e2nico, que tinha 175 mil empregos em abril e passou a contar com 170 mil em maio.<\/p>\n<p>Ao mesmo tempo, os ramos de servi\u00e7os v\u00eam ampliando o n\u00famero de postos m\u00eas a m\u00eas, chegando a maio com 680 mil. Esse n\u00famero \u00e9 o maior da s\u00e9rie hist\u00f3rica e representa 53,2% do total da ocupa\u00e7\u00e3o no Grande ABC (1,279 milh\u00e3o), que tamb\u00e9m \u00e9 \u00edndice recorde desse estudo. Ou seja, nunca na hist\u00f3ria dos sete munic\u00edpios (pelo menos desde 1998) houve tanta gente empregada nessa \u00e1rea, que abrange ampla gama de atividades (Educa\u00e7\u00e3o, Sa\u00fade, restaurantes, portaria, limpeza, Seguran\u00e7a, cabeleireiros, consultorias de inform\u00e1tica, engenharia e arquitetura, por exemplo).<\/p>\n<p>O que pode explicar parte desse movimento \u00e9 a migra\u00e7\u00e3o de trabalhadores de f\u00e1bricas para outras \u00e1reas, por conta das aberturas de PDVs (Programas de Demiss\u00e3o Volunt\u00e1ria) nos \u00faltimos meses, diz o economista do Thomaz Ferreira Jensen.<\/p>\n<p>Na compara\u00e7\u00e3o com maio do ano passado, por esse estudo, a ind\u00fastria ainda est\u00e1 com aumento de ocupa\u00e7\u00e3o (19 mil a mais). No entanto, a analista do Seade Leila Luiza Gonzaga salienta que a pesquisa tem diferen\u00e7as em rela\u00e7\u00e3o aos dados do Caged (Cadastro Geral de Empregados e Desempregados), do Minist\u00e9rio do Trabalho, j\u00e1 que este \u00faltimo levantamento \u00e9 baseado em registros administrativos das empresas, enquanto a primeira \u00e9 domiciliar (ou seja, ouve os moradores da regi\u00e3o, e cerca de 20% deles trabalham fora do Grande ABC).<\/p>\n<p>Al\u00e9m disso, a PED incorpora informa\u00e7\u00f5es de postos sem registro em carteira e aut\u00f4nomos. Dessa forma, quem trabalha em empreendimento \u2018fundo de quintal\u2019 ou por conta pr\u00f3pria n\u00e3o \u00e9 contabilizado pelo minist\u00e9rio, mas sim pela do Seade\/Dieese.<\/p>\n<p>O estudo mostra ainda que o rendimento m\u00e9dio dos assalariados caiu 5,9% em abril ante mar\u00e7o e 7% na compara\u00e7\u00e3o com 12 meses antes. Segundo o professor de Economia da Universidade Metodista de S\u00e3o Paulo Sandro Maskio, a expans\u00e3o da \u00e1rea de servi\u00e7os, que na m\u00e9dia paga sal\u00e1rios menores, pode contribuir para redu\u00e7\u00e3o do rendimento m\u00e9dio e tamb\u00e9m para a retra\u00e7\u00e3o da massa de renda (rendimento multiplicado pelo total de ocupados), o que impacta em menos dinheiro circulando na economia da regi\u00e3o.<\/p>\n","protected":false},"excerpt":{"rendered":"<p>A ind\u00fastria vem fechando postos de trabalho nos \u00faltimos meses, mas a expans\u00e3o de vagas em ramos de servi\u00e7os impediu que o desemprego no Grande ABC crescesse em maio. Pelo contr\u00e1rio, houve retra\u00e7\u00e3o no percentual de pessoas sem ocupa\u00e7\u00e3o no m\u00eas passado. Foi o que apontou a PED (Pesquisa de Emprego e Desemprego), realizada pelo [&hellip;]<\/p>\n","protected":false},"author":1,"featured_media":0,"comment_status":"open","ping_status":"open","sticky":false,"template":"","format":"standard","meta":{"jetpack_post_was_ever_published":false,"_jetpack_newsletter_access":"","jetpack_publicize_message":"","jetpack_is_tweetstorm":false,"jetpack_publicize_feature_enabled":true,"jetpack_social_post_already_shared":true,"jetpack_social_options":{"image_generator_settings":{"template":"highway","enabled":false}}},"categories":[],"tags":[],"jetpack_publicize_connections":[],"jetpack_featured_media_url":"","jetpack_sharing_enabled":true,"jetpack_shortlink":"https:\/\/wp.me\/p28224-1eK","jetpack_likes_enabled":true,"jetpack-related-posts":[],"amp_enabled":true,"_links":{"self":[{"href":"https:\/\/escritacontabilidade.adv.br\/blog\/wp-json\/wp\/v2\/posts\/4758"}],"collection":[{"href":"https:\/\/escritacontabilidade.adv.br\/blog\/wp-json\/wp\/v2\/posts"}],"about":[{"href":"https:\/\/escritacontabilidade.adv.br\/blog\/wp-json\/wp\/v2\/types\/post"}],"author":[{"embeddable":true,"href":"https:\/\/escritacontabilidade.adv.br\/blog\/wp-json\/wp\/v2\/users\/1"}],"replies":[{"embeddable":true,"href":"https:\/\/escritacontabilidade.adv.br\/blog\/wp-json\/wp\/v2\/comments?post=4758"}],"version-history":[{"count":1,"href":"https:\/\/escritacontabilidade.adv.br\/blog\/wp-json\/wp\/v2\/posts\/4758\/revisions"}],"predecessor-version":[{"id":4759,"href":"https:\/\/escritacontabilidade.adv.br\/blog\/wp-json\/wp\/v2\/posts\/4758\/revisions\/4759"}],"wp:attachment":[{"href":"https:\/\/escritacontabilidade.adv.br\/blog\/wp-json\/wp\/v2\/media?parent=4758"}],"wp:term":[{"taxonomy":"category","embeddable":true,"href":"https:\/\/escritacontabilidade.adv.br\/blog\/wp-json\/wp\/v2\/categories?post=4758"},{"taxonomy":"post_tag","embeddable":true,"href":"https:\/\/escritacontabilidade.adv.br\/blog\/wp-json\/wp\/v2\/tags?post=4758"}],"curies":[{"name":"wp","href":"https:\/\/api.w.org\/{rel}","templated":true}]}}