{"id":4351,"date":"2014-03-20T18:06:19","date_gmt":"2014-03-20T21:06:19","guid":{"rendered":"http:\/\/escritacontabilidade.adv.br\/blog\/?p=4351"},"modified":"2014-03-20T18:06:19","modified_gmt":"2014-03-20T21:06:19","slug":"simpi-considera-que-18-das-mpis-nao-conseguem-pagar-impostos","status":"publish","type":"post","link":"https:\/\/escritacontabilidade.adv.br\/blog\/2014\/03\/simpi-considera-que-18-das-mpis-nao-conseguem-pagar-impostos\/","title":{"rendered":"SIMPI  considera que 18% das MPIS n\u00e3o conseguem pagar impostos"},"content":{"rendered":"<p>A 12\u00aa rodada do Indicador de Atividade da Micro e Pequena Ind\u00fastria de S\u00e3o Paulo Simpi\/Datafolha, encomendada pelo Sindicato da Micro e Pequena Ind\u00fastria de S\u00e3o Paulo (Simpi), mostra que 18% das micros e pequenas ind\u00fastrias n\u00e3o conseguiram pagar seus impostos no m\u00eas de fevereiro.<\/p>\n<p>A pesquisa ainda revela que 77% dos entrevistados acreditam que os encargos dificultam o desempenho de suas empresas. A insatisfa\u00e7\u00e3o cresceu 20 pontos percentuais em rela\u00e7\u00e3o \u00e0 \u00faltima rodada, em janeiro.<\/p>\n<p>Os dados tamb\u00e9m comprovam que houve crescimento no volume de empres\u00e1rios que deixou de pagar d\u00edvidas e despesas em institui\u00e7\u00f5es financeiras, fornecedores e impostos: 15% (janeiro) para 23% (fevereiro).<\/p>\n<p>Segundo os entrevistados, a situa\u00e7\u00e3o poder\u00e1 se agravar ainda mais com o advento da Copa. Para 51% dos dirigentes, o evento esportivo ir\u00e1 mais atrapalhar do que ajudar a economia brasileira. J\u00e1 49% temem pela baixa produtividade de suas empresas, consequ\u00eancia dos feriados em dias de jogos. A explica\u00e7\u00e3o \u00e9 dada pelo presidente do Simpi, Joseph Couri: \u201cN\u00e3o existe atividade l\u00edcita capaz de suportar uma redu\u00e7\u00e3o de 30% ou, ent\u00e3o, pagar 30% do total de horas trabalhadas com incremento de 100%\u201d.<\/p>\n<p>Indicadores<\/p>\n<p>Em fevereiro, o Indicador de Atividade Empresarial registrou 54,5 pontos, a pontua\u00e7\u00e3o mais baixa desde mar\u00e7o de 2013 (quando a pesquisa foi lan\u00e7ada), e dois pontos a menos em rela\u00e7\u00e3o \u00e0 rodada anterior. O \u00edndice, que compreende a expectativa do empresariado sobre seu neg\u00f3cio, incluindo faturamento, margem de lucro e situa\u00e7\u00e3o geral do neg\u00f3cio, vem apresentando queda desde outubro de 2013.<\/p>\n<p>A queda tamb\u00e9m foi observada no Indicador de Investimentos, de 24,9 pontos em janeiro, ante 19,5 pontos, em fevereiro. O movimento foi puxado, principalmente, pelas micro empresas que, na \u00faltima rodada, apresentaram o resultado mais baixo desde mar\u00e7o de 2013, 16,6 pontos.<\/p>\n<p>Em fun\u00e7\u00e3o do baixo volume de produ\u00e7\u00e3o, o Indicador de Empregos aponta que n\u00e3o h\u00e1 expectativas de fechamento ou abertura de vagas.<\/p>\n<p>Por sua vez, o Indicador de Custos cresceu de 50,1 para 55,3 pontos, em fevereiro. Os dados refletem a queda de expectativa entre os empres\u00e1rios em rela\u00e7\u00e3o ao aumento dos custos na produ\u00e7\u00e3o: log\u00edstica, m\u00e3o-de-obra e insumos.<\/p>\n<p>Contudo, mesmo diante do cen\u00e1rio geral, o Indicador de Atividade Econ\u00f4mica vem oscilando positivamente desde dezembro. Entre janeiro e fevereiro, o \u00edndice registrou eleva\u00e7\u00e3o de 1,9 pontos.<\/p>\n<p>A pesquisa<\/p>\n<p>A pesquisa do Indicador de Atividade das Micros e Pequenas Ind\u00fastrias de S\u00e3o Paulo, encomendado pelo Simpi e efetuada pelo Datafolha, foi realizada entre os dias 10 e 22 de fevereiro, com 301 micro e pequenas ind\u00fastrias paulistas. S\u00e3o consideradas micros as ind\u00fastrias que empregam at\u00e9 nove funcion\u00e1rios, e pequenas, de 10 a 50 trabalhadores registrados.<\/p>\n","protected":false},"excerpt":{"rendered":"<p>A 12\u00aa rodada do Indicador de Atividade da Micro e Pequena Ind\u00fastria de S\u00e3o Paulo Simpi\/Datafolha, encomendada pelo Sindicato da Micro e Pequena Ind\u00fastria de S\u00e3o Paulo (Simpi), mostra que 18% das micros e pequenas ind\u00fastrias n\u00e3o conseguiram pagar seus impostos no m\u00eas de fevereiro. A pesquisa ainda revela que 77% dos entrevistados acreditam que [&hellip;]<\/p>\n","protected":false},"author":1,"featured_media":0,"comment_status":"open","ping_status":"open","sticky":false,"template":"","format":"standard","meta":{"jetpack_post_was_ever_published":false,"_jetpack_newsletter_access":"","jetpack_publicize_message":"","jetpack_is_tweetstorm":false,"jetpack_publicize_feature_enabled":true,"jetpack_social_post_already_shared":true,"jetpack_social_options":{"image_generator_settings":{"template":"highway","enabled":false}}},"categories":[],"tags":[],"jetpack_publicize_connections":[],"jetpack_featured_media_url":"","jetpack_sharing_enabled":true,"jetpack_shortlink":"https:\/\/wp.me\/p28224-18b","jetpack_likes_enabled":true,"jetpack-related-posts":[{"id":3298,"url":"https:\/\/escritacontabilidade.adv.br\/blog\/2013\/08\/setor-de-micro-e-pequena-fica-estavel-diz-pesquisa\/","url_meta":{"origin":4351,"position":0},"title":"Setor de micro e pequena fica est\u00e1vel, diz pesquisa","author":"Clayton Teles das Merces","date":"8 agosto 2013","format":false,"excerpt":"Problemas como a queda no faturamento e na margem de lucro, al\u00e9m de preocupa\u00e7\u00e3o com a economia, deixaram as micro e pequenas ind\u00fastrias do Estado com pouca disposi\u00e7\u00e3o para investir e contratar no m\u00eas de julho. Os dados que apontam para um cen\u00e1rio de estagna\u00e7\u00e3o s\u00e3o da quinta etapa do\u2026","rel":"","context":"Post similar","block_context":{"text":"Post similar","link":""},"img":{"alt_text":"","src":"","width":0,"height":0},"classes":[]},{"id":3502,"url":"https:\/\/escritacontabilidade.adv.br\/blog\/2013\/10\/como-reaver-creditos-tributarios\/","url_meta":{"origin":4351,"position":1},"title":"Como reaver cr\u00e9ditos tribut\u00e1rios","author":"Clayton Teles das Merces","date":"3 outubro 2013","format":false,"excerpt":"Os cr\u00e9ditos indevidos ou pagos a mais pelo empres\u00e1rio em impostos, tais como IPI (Imposto sobre Produtos Industrializados), contribui\u00e7\u00e3o social, Imposto de Renda de Pessoa Jur\u00eddica e outros, s\u00e3o poss\u00edveis de serem recuperados. Para se valer desse direito \u00e9 necess\u00e1rio acionar juridicamente a Receita Federal, por meio de a\u00e7\u00e3o espec\u00edfica,\u2026","rel":"","context":"Post similar","block_context":{"text":"Post similar","link":""},"img":{"alt_text":"","src":"","width":0,"height":0},"classes":[]},{"id":6589,"url":"https:\/\/escritacontabilidade.adv.br\/blog\/2016\/06\/empresa-tera-credito-caso-nao-demita\/","url_meta":{"origin":4351,"position":2},"title":"Empresa ter\u00e1 cr\u00e9dito caso n\u00e3o demita","author":"Clayton Teles das Merces","date":"24 junho 2016","format":false,"excerpt":"Em busca de estancar a taxa de desocupa\u00e7\u00e3o no pa\u00eds, que chegou a 10,9% no primeiro trimestre de 2016, o Conselho Deliberativo do Fundo de Amparo ao Trabalhador (Codefat) aprovou a libera\u00e7\u00e3o de R$ 5 bilh\u00f5es para capital de giro de micros e pequenas empresas. Com a medida, o Minist\u00e9rio\u2026","rel":"","context":"Em &quot;Contabilidade&quot;","block_context":{"text":"Contabilidade","link":"https:\/\/escritacontabilidade.adv.br\/blog\/Geral\/geral\/contabilidade\/"},"img":{"alt_text":"","src":"","width":0,"height":0},"classes":[]},{"id":5601,"url":"https:\/\/escritacontabilidade.adv.br\/blog\/2015\/04\/mais-da-metade-das-empresas-brasileiras-nao-exige-troca-de-senha-dos-funcionarios\/","url_meta":{"origin":4351,"position":3},"title":"Mais da metade das empresas brasileiras n\u00e3o exige troca de senha dos funcion\u00e1rios","author":"Clayton Teles das Merces","date":"1 abril 2015","format":false,"excerpt":"Uma pesquisa da Federa\u00e7\u00e3o das Ind\u00fastrias do Estado de S\u00e3o Paulo (Fiesp), divulgada nesta ter\u00e7a-feira, 31\/03, apurou que ao menos 59% dos ataques cibern\u00e9ticos registrados no estado atingem as finan\u00e7as das empresas. E mais de 60% desses atentados acontecem em ind\u00fastrias de pequeno e m\u00e9dio porte. O levantamento Seguran\u00e7a Cibern\u00e9tica\u2026","rel":"","context":"Em &quot;Contabilidade&quot;","block_context":{"text":"Contabilidade","link":"https:\/\/escritacontabilidade.adv.br\/blog\/Geral\/geral\/contabilidade\/"},"img":{"alt_text":"","src":"","width":0,"height":0},"classes":[]},{"id":4061,"url":"https:\/\/escritacontabilidade.adv.br\/blog\/2014\/01\/escolha-do-regime-tributario-certo-ajuda-a-pagar-menos-impostos\/","url_meta":{"origin":4351,"position":4},"title":"Escolha do regime tribut\u00e1rio certo ajuda a pagar menos impostos","author":"Clayton Teles das Merces","date":"9 janeiro 2014","format":false,"excerpt":"Curitiba - \u00c9 poss\u00edvel pagar menos tributos a partir do momento que a empresa escolhe o regime tribut\u00e1rio mais adequado. Hoje, est\u00e3o em vigor os regimes Simples, Lucro Presumido e Lucro Real. O Simples Nacional, por exemplo, que entrou em vigor em 2007, nem sempre \u00e9 o regime mais adequado\u2026","rel":"","context":"Post similar","block_context":{"text":"Post similar","link":""},"img":{"alt_text":"","src":"","width":0,"height":0},"classes":[]},{"id":2654,"url":"https:\/\/escritacontabilidade.adv.br\/blog\/2013\/03\/empresas-do-simples-podem-obter-reducao-de-imposto\/","url_meta":{"origin":4351,"position":5},"title":"Empresas do Simples podem obter redu\u00e7\u00e3o de imposto","author":"Clayton Teles das Merces","date":"19 mar\u00e7o 2013","format":false,"excerpt":"(Not\u00edcias FENACON) Data: 19\/03\/2013 Tramita na C\u00e2mara dos Deputados, em regime de prioridade, projeto de Lei Complementar (PLP) que prev\u00ea trazer isonomia entre as pequenas empresas no pagamento de tributos, ao criar parcelas dedut\u00edveis do valor devido mensalmente pelos optantes do Simples Nacional. A proposta do deputado Vaz de Lima\u2026","rel":"","context":"Post similar","block_context":{"text":"Post similar","link":""},"img":{"alt_text":"","src":"","width":0,"height":0},"classes":[]}],"amp_enabled":true,"_links":{"self":[{"href":"https:\/\/escritacontabilidade.adv.br\/blog\/wp-json\/wp\/v2\/posts\/4351"}],"collection":[{"href":"https:\/\/escritacontabilidade.adv.br\/blog\/wp-json\/wp\/v2\/posts"}],"about":[{"href":"https:\/\/escritacontabilidade.adv.br\/blog\/wp-json\/wp\/v2\/types\/post"}],"author":[{"embeddable":true,"href":"https:\/\/escritacontabilidade.adv.br\/blog\/wp-json\/wp\/v2\/users\/1"}],"replies":[{"embeddable":true,"href":"https:\/\/escritacontabilidade.adv.br\/blog\/wp-json\/wp\/v2\/comments?post=4351"}],"version-history":[{"count":1,"href":"https:\/\/escritacontabilidade.adv.br\/blog\/wp-json\/wp\/v2\/posts\/4351\/revisions"}],"predecessor-version":[{"id":4352,"href":"https:\/\/escritacontabilidade.adv.br\/blog\/wp-json\/wp\/v2\/posts\/4351\/revisions\/4352"}],"wp:attachment":[{"href":"https:\/\/escritacontabilidade.adv.br\/blog\/wp-json\/wp\/v2\/media?parent=4351"}],"wp:term":[{"taxonomy":"category","embeddable":true,"href":"https:\/\/escritacontabilidade.adv.br\/blog\/wp-json\/wp\/v2\/categories?post=4351"},{"taxonomy":"post_tag","embeddable":true,"href":"https:\/\/escritacontabilidade.adv.br\/blog\/wp-json\/wp\/v2\/tags?post=4351"}],"curies":[{"name":"wp","href":"https:\/\/api.w.org\/{rel}","templated":true}]}}