{"id":430,"date":"2011-12-01T15:35:30","date_gmt":"2011-12-01T17:35:30","guid":{"rendered":"http:\/\/escritacontabilidade.adv.br\/blog\/?p=430"},"modified":"2011-12-01T15:35:30","modified_gmt":"2011-12-01T17:35:30","slug":"governo-reduz-ipi-de-eletrodomesticos-para-estimular-consumo","status":"publish","type":"post","link":"https:\/\/escritacontabilidade.adv.br\/blog\/2011\/12\/governo-reduz-ipi-de-eletrodomesticos-para-estimular-consumo\/","title":{"rendered":"Governo reduz IPI de eletrodom\u00e9sticos para estimular consumo"},"content":{"rendered":"<div style=\"text-align: justify;\">\n<h1>\u00a0(Not\u00edcias Ag\u00eancia Brasil &#8211; ABr)<\/h1>\n<p><span style=\"font-family: Arial; font-size: xx-small;\">Data: 01\/12\/2011<\/span><br \/>\nO Di\u00e1rio Oficial da Uni\u00e3o publicou hoje (1\u00ba) em edi\u00e7\u00e3o extraordin\u00e1ria a redu\u00e7\u00e3o do Imposto sobre Produtos Industrializados (IPI) de eletrodom\u00e9sticos da chamada linha branca. O IPI do fog\u00e3o, por exemplo, caiu de 4% para 0%. A geladeira teve o imposto reduzido de 15% para 5% e a m\u00e1quina de lavar, de 20% para 10%.<\/p>\n<p>No caso de m\u00e1quinas de lavar semiautom\u00e1ticas (tanquinhos), a redu\u00e7\u00e3o\u00a0foi de 10% para 0%. As medidas tamb\u00e9m valem para os estoques nas lojas e v\u00e3o vigorar at\u00e9 31 de mar\u00e7o de 2012.<\/p>\n<p>Esse medida de est\u00edmulo ao consumo de bens dur\u00e1veis s\u00f3 vale para produtos com \u00edndice de efici\u00eancia energ\u00e9tica classe A.<\/p>\n<p>O governo reduziu ainda o Imposto sobre Opera\u00e7\u00f5es Financeiras (IOF) cobrado sobre o financiamento ao consumo de 3% para 2,5%, anunciou o ministro da Fazenda, Guido Mantega, em entrevista coletiva para detalhar as medidas, que visam a incentivar o consumo.<\/p>\n<p>Tamb\u00e9m participa da entrevista o ministro do Desenvolvimento, Ind\u00fastria e Com\u00e9rcio Exterior (MDIC), Fernando Pimentel. As medidas ajudar\u00e3o o Brasil a enfrentar a crise mundial com est\u00edmulos \u00e0 produ\u00e7\u00e3o e ao emprego.<\/p>\n<\/div>\n","protected":false},"excerpt":{"rendered":"<p>\u00a0(Not\u00edcias Ag\u00eancia Brasil &#8211; ABr) Data: 01\/12\/2011 O Di\u00e1rio Oficial da Uni\u00e3o publicou hoje (1\u00ba) em edi\u00e7\u00e3o extraordin\u00e1ria a redu\u00e7\u00e3o do Imposto sobre Produtos Industrializados (IPI) de eletrodom\u00e9sticos da chamada linha branca. O IPI do fog\u00e3o, por exemplo, caiu de 4% para 0%. A geladeira teve o imposto reduzido de 15% para 5% e a [&hellip;]<\/p>\n","protected":false},"author":1,"featured_media":0,"comment_status":"open","ping_status":"open","sticky":false,"template":"","format":"standard","meta":{"jetpack_post_was_ever_published":false,"_jetpack_newsletter_access":"","jetpack_publicize_message":"","jetpack_is_tweetstorm":false,"jetpack_publicize_feature_enabled":true,"jetpack_social_post_already_shared":false,"jetpack_social_options":{"image_generator_settings":{"template":"highway","enabled":false}}},"categories":[],"tags":[],"jetpack_publicize_connections":[],"jetpack_featured_media_url":"","jetpack_sharing_enabled":true,"jetpack_shortlink":"https:\/\/wp.me\/p28224-6W","jetpack_likes_enabled":true,"jetpack-related-posts":[],"amp_enabled":true,"_links":{"self":[{"href":"https:\/\/escritacontabilidade.adv.br\/blog\/wp-json\/wp\/v2\/posts\/430"}],"collection":[{"href":"https:\/\/escritacontabilidade.adv.br\/blog\/wp-json\/wp\/v2\/posts"}],"about":[{"href":"https:\/\/escritacontabilidade.adv.br\/blog\/wp-json\/wp\/v2\/types\/post"}],"author":[{"embeddable":true,"href":"https:\/\/escritacontabilidade.adv.br\/blog\/wp-json\/wp\/v2\/users\/1"}],"replies":[{"embeddable":true,"href":"https:\/\/escritacontabilidade.adv.br\/blog\/wp-json\/wp\/v2\/comments?post=430"}],"version-history":[{"count":1,"href":"https:\/\/escritacontabilidade.adv.br\/blog\/wp-json\/wp\/v2\/posts\/430\/revisions"}],"predecessor-version":[{"id":431,"href":"https:\/\/escritacontabilidade.adv.br\/blog\/wp-json\/wp\/v2\/posts\/430\/revisions\/431"}],"wp:attachment":[{"href":"https:\/\/escritacontabilidade.adv.br\/blog\/wp-json\/wp\/v2\/media?parent=430"}],"wp:term":[{"taxonomy":"category","embeddable":true,"href":"https:\/\/escritacontabilidade.adv.br\/blog\/wp-json\/wp\/v2\/categories?post=430"},{"taxonomy":"post_tag","embeddable":true,"href":"https:\/\/escritacontabilidade.adv.br\/blog\/wp-json\/wp\/v2\/tags?post=430"}],"curies":[{"name":"wp","href":"https:\/\/api.w.org\/{rel}","templated":true}]}}