{"id":3955,"date":"2013-12-16T13:32:35","date_gmt":"2013-12-16T15:32:35","guid":{"rendered":"http:\/\/escritacontabilidade.adv.br\/blog\/?p=3955"},"modified":"2013-12-16T13:32:35","modified_gmt":"2013-12-16T15:32:35","slug":"sem-os-impostos-brasil-tem-a-4a-tarifa-mais-barata","status":"publish","type":"post","link":"https:\/\/escritacontabilidade.adv.br\/blog\/2013\/12\/sem-os-impostos-brasil-tem-a-4a-tarifa-mais-barata\/","title":{"rendered":"Sem os impostos, Brasil tem a 4\u00aa tarifa mais barata"},"content":{"rendered":"<p>A tarifa de energia residencial no Brasil, descontados os impostos, passou a ser a quarta mais barata entre 18 pa\u00edses, segundo pesquisa da Associa\u00e7\u00e3o Brasileira de Distribuidores de Energia (Abradee). Antes da Medida Provis\u00f3ria 579, que prorrogou as concess\u00f5es de gera\u00e7\u00e3o e transmiss\u00e3o de energia e reduziu os encargos setoriais, o Brasil estava na 12\u00aa posi\u00e7\u00e3o no grupo dos pa\u00edses com energia mais cara.<\/p>\n<p>A tarifa m\u00e9dia passou de US$ 18,2\/kWh para US$ 14,9\/kWh. Est\u00e3o na frente do Brasil os EUA, a Fran\u00e7a e a Finl\u00e2ndia. O percentual de cobran\u00e7a de tributos e encargos na tarifa de energia no Brasil \u00e9 de 28%, segundo a Abradee.<\/p>\n<p>&#8220;O Brasil tem al\u00edquota significativa de encargos. N\u00e3o \u00e9 das maiores, mas tamb\u00e9m n\u00e3o \u00e9 das menores&#8221;, diz o presidente da Abradee, Nelson Leite.<\/p>\n<p>Questionado sobre previs\u00f5es para o ano que vem, Leite afirmou que o per\u00edodo chuvoso atual \u00e9 &#8220;muito mais favor\u00e1vel que o anterior&#8221;.<br \/>\nInd\u00fastria<br \/>\nEm rela\u00e7\u00e3o \u00e0 tarifa da ind\u00fastria, o Brasil deixou de ser o quinto Pa\u00eds, entre os 18 pesquisados, com o maior custo de tarifa industrial sem impostos, e passou a ser a ser o oitavo pa\u00eds com menor custo de tarifa de energia el\u00e9trica industrial, descontados os impostos.<\/p>\n<p>Pre\u00e7os melhores que os brasileiros foram observados nos EUA, Finl\u00e2ndia, Noruega, Su\u00e9cia, Fran\u00e7a, Holanda e Dinamarca. Antes da revis\u00e3o tarif\u00e1ria no Brasil, com a MP 579, o Pa\u00eds cobrava uma m\u00e9dia de US$ 13,9\/kWh. Ap\u00f3s a mudan\u00e7a, a m\u00e9dia passou para US$ 11,3\/kWh. <\/p>\n","protected":false},"excerpt":{"rendered":"<p>A tarifa de energia residencial no Brasil, descontados os impostos, passou a ser a quarta mais barata entre 18 pa\u00edses, segundo pesquisa da Associa\u00e7\u00e3o Brasileira de Distribuidores de Energia (Abradee). Antes da Medida Provis\u00f3ria 579, que prorrogou as concess\u00f5es de gera\u00e7\u00e3o e transmiss\u00e3o de energia e reduziu os encargos setoriais, o Brasil estava na 12\u00aa [&hellip;]<\/p>\n","protected":false},"author":1,"featured_media":0,"comment_status":"open","ping_status":"open","sticky":false,"template":"","format":"standard","meta":{"jetpack_post_was_ever_published":false,"_jetpack_newsletter_access":"","jetpack_publicize_message":"","jetpack_is_tweetstorm":false,"jetpack_publicize_feature_enabled":true,"jetpack_social_post_already_shared":true,"jetpack_social_options":{"image_generator_settings":{"template":"highway","enabled":false}}},"categories":[],"tags":[],"jetpack_publicize_connections":[],"jetpack_featured_media_url":"","jetpack_sharing_enabled":true,"jetpack_shortlink":"https:\/\/wp.me\/p28224-11N","jetpack_likes_enabled":true,"jetpack-related-posts":[],"amp_enabled":true,"_links":{"self":[{"href":"https:\/\/escritacontabilidade.adv.br\/blog\/wp-json\/wp\/v2\/posts\/3955"}],"collection":[{"href":"https:\/\/escritacontabilidade.adv.br\/blog\/wp-json\/wp\/v2\/posts"}],"about":[{"href":"https:\/\/escritacontabilidade.adv.br\/blog\/wp-json\/wp\/v2\/types\/post"}],"author":[{"embeddable":true,"href":"https:\/\/escritacontabilidade.adv.br\/blog\/wp-json\/wp\/v2\/users\/1"}],"replies":[{"embeddable":true,"href":"https:\/\/escritacontabilidade.adv.br\/blog\/wp-json\/wp\/v2\/comments?post=3955"}],"version-history":[{"count":1,"href":"https:\/\/escritacontabilidade.adv.br\/blog\/wp-json\/wp\/v2\/posts\/3955\/revisions"}],"predecessor-version":[{"id":3956,"href":"https:\/\/escritacontabilidade.adv.br\/blog\/wp-json\/wp\/v2\/posts\/3955\/revisions\/3956"}],"wp:attachment":[{"href":"https:\/\/escritacontabilidade.adv.br\/blog\/wp-json\/wp\/v2\/media?parent=3955"}],"wp:term":[{"taxonomy":"category","embeddable":true,"href":"https:\/\/escritacontabilidade.adv.br\/blog\/wp-json\/wp\/v2\/categories?post=3955"},{"taxonomy":"post_tag","embeddable":true,"href":"https:\/\/escritacontabilidade.adv.br\/blog\/wp-json\/wp\/v2\/tags?post=3955"}],"curies":[{"name":"wp","href":"https:\/\/api.w.org\/{rel}","templated":true}]}}