{"id":3901,"date":"2013-12-05T17:42:14","date_gmt":"2013-12-05T19:42:14","guid":{"rendered":"http:\/\/escritacontabilidade.adv.br\/blog\/?p=3901"},"modified":"2013-12-05T17:42:14","modified_gmt":"2013-12-05T19:42:14","slug":"senado-aprova-mudancas-nos-conselhos-de-contabilidade","status":"publish","type":"post","link":"https:\/\/escritacontabilidade.adv.br\/blog\/2013\/12\/senado-aprova-mudancas-nos-conselhos-de-contabilidade\/","title":{"rendered":"Senado aprova mudan\u00e7as nos Conselhos de Contabilidade"},"content":{"rendered":"<p>O Plen\u00e1rio do Senado aprovou nesta quarta-feira (4) o projeto que muda as normas para a composi\u00e7\u00e3o dos Conselhos Federal e Regionais de Contabilidade. A mat\u00e9ria segue para san\u00e7\u00e3o presidencial.<\/p>\n<p>Esses conselhos ser\u00e3o compostos por contadores e por, no m\u00ednimo, um representante dos t\u00e9cnicos em contabilidade. Esse ser\u00e1 escolhido nas elei\u00e7\u00f5es para a renova\u00e7\u00e3o de 2\/3 dos plen\u00e1rios dos conselhos. A proposta modifica o Decreto-Lei 1.040\/1969. Segundo o decreto, os conselhos s\u00e3o compostos por 2\/3 de contadores e 1\/3 de t\u00e9cnicos.<\/p>\n<p>O projeto aprovado pelos senadores estabelece ainda que  os ex-presidentes do Conselho Federal de Contabilidade ter\u00e3o assento no plen\u00e1rio, na qualidade de membros honor\u00e1rios, com direito somente a voz nas sess\u00f5es. As novas regras devem ser implantadas a partir das pr\u00f3ximas elei\u00e7\u00f5es dos conselhos. <\/p>\n","protected":false},"excerpt":{"rendered":"<p>O Plen\u00e1rio do Senado aprovou nesta quarta-feira (4) o projeto que muda as normas para a composi\u00e7\u00e3o dos Conselhos Federal e Regionais de Contabilidade. A mat\u00e9ria segue para san\u00e7\u00e3o presidencial. Esses conselhos ser\u00e3o compostos por contadores e por, no m\u00ednimo, um representante dos t\u00e9cnicos em contabilidade. Esse ser\u00e1 escolhido nas elei\u00e7\u00f5es para a renova\u00e7\u00e3o de [&hellip;]<\/p>\n","protected":false},"author":1,"featured_media":0,"comment_status":"open","ping_status":"open","sticky":false,"template":"","format":"standard","meta":{"jetpack_post_was_ever_published":false,"_jetpack_newsletter_access":"","jetpack_publicize_message":"","jetpack_is_tweetstorm":false,"jetpack_publicize_feature_enabled":true,"jetpack_social_post_already_shared":true,"jetpack_social_options":{"image_generator_settings":{"template":"highway","enabled":false}}},"categories":[],"tags":[],"jetpack_publicize_connections":[],"jetpack_featured_media_url":"","jetpack_sharing_enabled":true,"jetpack_shortlink":"https:\/\/wp.me\/p28224-10V","jetpack_likes_enabled":true,"jetpack-related-posts":[],"amp_enabled":true,"_links":{"self":[{"href":"https:\/\/escritacontabilidade.adv.br\/blog\/wp-json\/wp\/v2\/posts\/3901"}],"collection":[{"href":"https:\/\/escritacontabilidade.adv.br\/blog\/wp-json\/wp\/v2\/posts"}],"about":[{"href":"https:\/\/escritacontabilidade.adv.br\/blog\/wp-json\/wp\/v2\/types\/post"}],"author":[{"embeddable":true,"href":"https:\/\/escritacontabilidade.adv.br\/blog\/wp-json\/wp\/v2\/users\/1"}],"replies":[{"embeddable":true,"href":"https:\/\/escritacontabilidade.adv.br\/blog\/wp-json\/wp\/v2\/comments?post=3901"}],"version-history":[{"count":1,"href":"https:\/\/escritacontabilidade.adv.br\/blog\/wp-json\/wp\/v2\/posts\/3901\/revisions"}],"predecessor-version":[{"id":3902,"href":"https:\/\/escritacontabilidade.adv.br\/blog\/wp-json\/wp\/v2\/posts\/3901\/revisions\/3902"}],"wp:attachment":[{"href":"https:\/\/escritacontabilidade.adv.br\/blog\/wp-json\/wp\/v2\/media?parent=3901"}],"wp:term":[{"taxonomy":"category","embeddable":true,"href":"https:\/\/escritacontabilidade.adv.br\/blog\/wp-json\/wp\/v2\/categories?post=3901"},{"taxonomy":"post_tag","embeddable":true,"href":"https:\/\/escritacontabilidade.adv.br\/blog\/wp-json\/wp\/v2\/tags?post=3901"}],"curies":[{"name":"wp","href":"https:\/\/api.w.org\/{rel}","templated":true}]}}