{"id":3858,"date":"2013-11-27T13:42:32","date_gmt":"2013-11-27T15:42:32","guid":{"rendered":"http:\/\/escritacontabilidade.adv.br\/blog\/?p=3858"},"modified":"2013-11-27T13:42:32","modified_gmt":"2013-11-27T15:42:32","slug":"inss-deve-provar-culpa-de-empresa-em-acao-regressiva","status":"publish","type":"post","link":"https:\/\/escritacontabilidade.adv.br\/blog\/2013\/11\/inss-deve-provar-culpa-de-empresa-em-acao-regressiva\/","title":{"rendered":"INSS deve provar culpa de empresa em a\u00e7\u00e3o regressiva"},"content":{"rendered":"<p>Ao cobrar gastos com benef\u00edcios previdenci\u00e1rios pagos em decorr\u00eancia de acidente de trabalho, o INSS deve demonstrar a responsabilidade concreta da empresa no epis\u00f3dio. Essa foi a justificativa da Justi\u00e7a Federal no Maranh\u00e3o para negar tentativa da autarquia de receber de volta gastos com um vigilante baleado durante assalto a um banco.<\/p>\n<p>O INSS alegou que o funcion\u00e1rio foi atingido h\u00e1 13 anos por ter trabalhado sem experi\u00eancia na \u00e1rea e sem \u201cqualquer treinamento pr\u00e9vio\u201d. Como justificativa, apontou que a empresa de vigil\u00e2ncia chegou a firmar acordo com o empregado ap\u00f3s ele sofrer \u201csequela irrevers\u00edvel\u201d.<\/p>\n<p>\u201cA Justi\u00e7a considerou ter inexistido prova que pudesse induzir a responsabilidade da empresa, pois a autarquia previdenci\u00e1ria nada produziu, como era seu dever, que pudesse evidenciar o ponto tido como essencial, a culpa da empresa\u201d, diz advogado Roberto Cardillo, s\u00f3cio do escrit\u00f3rio Cardillo &#038; Prado Rossi Advogados, que defende a empresa na a\u00e7\u00e3o regressiva.<\/p>\n<p>A ju\u00edza federal Diana Maria da Silva, da 2\u00aa Vara Federal de Imperatriz, disse que o acordo formulado entre a empresa e o funcion\u00e1rio baleado n\u00e3o significa confiss\u00e3o da r\u00e9 sobre sua responsabilidade no acidente. A ju\u00edza n\u00e3o viu provas de que o vigilante tenha descumprido requisitos para o servi\u00e7o ou tenha deixado de passar por forma\u00e7\u00e3o necess\u00e1ria.<\/p>\n<p>Silva afirmou ainda que a culpa foi motivada por terceiros. \u201cA certid\u00e3o de ocorr\u00eancia demonstra que a incapacidade permanente do empregado\/segurado decorreu de assalto ocorrido no interior da institui\u00e7\u00e3o banc\u00e1ria, tendo os assaltantes efetuado disparos no interior da ag\u00eancia, sendo que um deles atingiu o segurado pelas costas.\u201d<\/p>\n","protected":false},"excerpt":{"rendered":"<p>Ao cobrar gastos com benef\u00edcios previdenci\u00e1rios pagos em decorr\u00eancia de acidente de trabalho, o INSS deve demonstrar a responsabilidade concreta da empresa no epis\u00f3dio. Essa foi a justificativa da Justi\u00e7a Federal no Maranh\u00e3o para negar tentativa da autarquia de receber de volta gastos com um vigilante baleado durante assalto a um banco. O INSS alegou [&hellip;]<\/p>\n","protected":false},"author":1,"featured_media":0,"comment_status":"open","ping_status":"open","sticky":false,"template":"","format":"standard","meta":{"jetpack_post_was_ever_published":false,"_jetpack_newsletter_access":"","jetpack_publicize_message":"","jetpack_is_tweetstorm":false,"jetpack_publicize_feature_enabled":true,"jetpack_social_post_already_shared":true,"jetpack_social_options":{"image_generator_settings":{"template":"highway","enabled":false}}},"categories":[],"tags":[],"jetpack_publicize_connections":[],"jetpack_featured_media_url":"","jetpack_sharing_enabled":true,"jetpack_shortlink":"https:\/\/wp.me\/p28224-10e","jetpack_likes_enabled":true,"jetpack-related-posts":[],"amp_enabled":true,"_links":{"self":[{"href":"https:\/\/escritacontabilidade.adv.br\/blog\/wp-json\/wp\/v2\/posts\/3858"}],"collection":[{"href":"https:\/\/escritacontabilidade.adv.br\/blog\/wp-json\/wp\/v2\/posts"}],"about":[{"href":"https:\/\/escritacontabilidade.adv.br\/blog\/wp-json\/wp\/v2\/types\/post"}],"author":[{"embeddable":true,"href":"https:\/\/escritacontabilidade.adv.br\/blog\/wp-json\/wp\/v2\/users\/1"}],"replies":[{"embeddable":true,"href":"https:\/\/escritacontabilidade.adv.br\/blog\/wp-json\/wp\/v2\/comments?post=3858"}],"version-history":[{"count":2,"href":"https:\/\/escritacontabilidade.adv.br\/blog\/wp-json\/wp\/v2\/posts\/3858\/revisions"}],"predecessor-version":[{"id":3860,"href":"https:\/\/escritacontabilidade.adv.br\/blog\/wp-json\/wp\/v2\/posts\/3858\/revisions\/3860"}],"wp:attachment":[{"href":"https:\/\/escritacontabilidade.adv.br\/blog\/wp-json\/wp\/v2\/media?parent=3858"}],"wp:term":[{"taxonomy":"category","embeddable":true,"href":"https:\/\/escritacontabilidade.adv.br\/blog\/wp-json\/wp\/v2\/categories?post=3858"},{"taxonomy":"post_tag","embeddable":true,"href":"https:\/\/escritacontabilidade.adv.br\/blog\/wp-json\/wp\/v2\/tags?post=3858"}],"curies":[{"name":"wp","href":"https:\/\/api.w.org\/{rel}","templated":true}]}}