{"id":3779,"date":"2013-11-12T13:17:11","date_gmt":"2013-11-12T15:17:11","guid":{"rendered":"http:\/\/escritacontabilidade.adv.br\/blog\/?p=3779"},"modified":"2013-11-12T13:17:11","modified_gmt":"2013-11-12T15:17:11","slug":"brasil-e-peru-firmam-acordo-trabalhista-ambiental-e-de-telefonia","status":"publish","type":"post","link":"https:\/\/escritacontabilidade.adv.br\/blog\/2013\/11\/brasil-e-peru-firmam-acordo-trabalhista-ambiental-e-de-telefonia\/","title":{"rendered":"Brasil e Peru firmam acordo trabalhista, ambiental e de telefonia"},"content":{"rendered":"<p>A presidente Dilma Rousseff e seu colega do Peru, Ollanta Humala, firmaram nesta segunda-feira (11\/11) tr\u00eas acordos de coopera\u00e7\u00e3o em mat\u00e9ria trabalhista, ambiental e de telecomunica\u00e7\u00f5es, durante visita oficial da brasileira a Lima. Os presidentes e seus gabinetes se reuniram no Pal\u00e1cio de Governo peruano, onde conversaram por tr\u00eas horas sobre uma nova agenda para fortalecer a alian\u00e7a estrat\u00e9gica entre ambos os pa\u00edses e que data de uma d\u00e9cada.<\/p>\n<p>Um dos acordos firmados disp\u00f5e que peruanos e brasileiros ter\u00e3o facilidades para poder trabalhar em ambos os pa\u00edses apenas com a apresenta\u00e7\u00e3o do documento de identidade, sem a necessidade de visto, ou de permiss\u00e3o de trabalho. Outro compromisso est\u00e1 relacionado ao meio ambiente e prev\u00ea o monitoramento e vigil\u00e2ncia da vasta regi\u00e3o amaz\u00f4nica compartilhada pelos dois pa\u00edses. Um terceiro conv\u00eanio firmado estabelece que ambos os pa\u00edses fixar\u00e3o tarifas reduzidas de telefonia nas cidades pr\u00f3ximas da fronteira, com o objetivo de evitar que essas regi\u00f5es tenham de pagar chamadas internacionais para se comunicar de um pa\u00eds para o outro.<\/p>\n<p>&#8220;Celebramos dez anos da nossa alian\u00e7a estrat\u00e9gica. Um conjunto de projetos bilaterais foi implementado, e os resultados foram muito concretos&#8221;, disse Dilma \u00e0 imprensa ap\u00f3s a reuni\u00e3o. &#8220;Decidimos avan\u00e7ar em novos eixos de integra\u00e7\u00e3o. Peru e Brasil est\u00e3o na obriga\u00e7\u00e3o de construir uma integra\u00e7\u00e3o com esp\u00edrito democr\u00e1tico&#8221;, acrescentou.<\/p>\n<p>J\u00e1 o presidente peruano destacou que &#8220;a rela\u00e7\u00e3o estrat\u00e9gica e a integra\u00e7\u00e3o em infraestrutura entre Peru e Brasil \u00e9 irrevers\u00edvel e inexor\u00e1vel, visando ao desenvolvimento de ambos os povos&#8221;. &#8220;Estamos firmando um conjunto de acordos, mas estamos fazendo mais do que isso, estamos delineando o caminho para avan\u00e7ar na rela\u00e7\u00e3o de associa\u00e7\u00e3o estrat\u00e9gica&#8221;, enfatizou.<\/p>\n<p>Humala disse que, em seu encontro com Dilma, ambos os governos trocaram experi\u00eancias sobre a implementa\u00e7\u00e3o de planos sociais, como o programa de farm\u00e1cias populares aplicado no Brasil para a venda de rem\u00e9dios a pre\u00e7os baixos em todo o pa\u00eds. O presidente peruano lembrou que, atualmente, h\u00e1 projetos conjuntos de investimento em petroqu\u00edmica, transporte p\u00fablico, energia, projetos de amplia\u00e7\u00e3o da fronteira agr\u00edcola, integra\u00e7\u00e3o da banda larga em telecomunica\u00e7\u00f5es, assim como a moderniza\u00e7\u00e3o de portos e aeroportos.<\/p>\n<p>Dilma Rousseff reconheceu os benef\u00edcios da estrada Interoce\u00e2nica, que une o sul do Peru aos estados brasileiros do Acre, Rond\u00f4nia e Mato Grosso, beneficiados, segundo ela, com o aumento do turismo e do com\u00e9rcio. O mesmo benef\u00edcio atinge as regi\u00f5es peruanas de Arequipa, Cuzco e Madre de Dios, acrescentou. A presidente brasileira destacou o aumento do com\u00e9rcio entre ambos os pa\u00edses, apontando que, de janeiro a setembro, as exporta\u00e7\u00f5es peruanas aumentaram em mais de 50%. &#8220;O Brasil terminar\u00e1 este ano, tendo o Peru como importante s\u00f3cio comercial. O Peru \u00e9 o terceiro destino dos investimentos brasileiros na Am\u00e9rica do Sul&#8221;, acrescentou Dilma.<\/p>\n","protected":false},"excerpt":{"rendered":"<p>A presidente Dilma Rousseff e seu colega do Peru, Ollanta Humala, firmaram nesta segunda-feira (11\/11) tr\u00eas acordos de coopera\u00e7\u00e3o em mat\u00e9ria trabalhista, ambiental e de telecomunica\u00e7\u00f5es, durante visita oficial da brasileira a Lima. Os presidentes e seus gabinetes se reuniram no Pal\u00e1cio de Governo peruano, onde conversaram por tr\u00eas horas sobre uma nova agenda para [&hellip;]<\/p>\n","protected":false},"author":1,"featured_media":0,"comment_status":"open","ping_status":"open","sticky":false,"template":"","format":"standard","meta":{"jetpack_post_was_ever_published":false,"_jetpack_newsletter_access":"","jetpack_publicize_message":"","jetpack_is_tweetstorm":false,"jetpack_publicize_feature_enabled":true,"jetpack_social_post_already_shared":true,"jetpack_social_options":{"image_generator_settings":{"template":"highway","enabled":false}}},"categories":[],"tags":[],"jetpack_publicize_connections":[],"jetpack_featured_media_url":"","jetpack_sharing_enabled":true,"jetpack_shortlink":"https:\/\/wp.me\/p28224-YX","jetpack_likes_enabled":true,"jetpack-related-posts":[],"amp_enabled":true,"_links":{"self":[{"href":"https:\/\/escritacontabilidade.adv.br\/blog\/wp-json\/wp\/v2\/posts\/3779"}],"collection":[{"href":"https:\/\/escritacontabilidade.adv.br\/blog\/wp-json\/wp\/v2\/posts"}],"about":[{"href":"https:\/\/escritacontabilidade.adv.br\/blog\/wp-json\/wp\/v2\/types\/post"}],"author":[{"embeddable":true,"href":"https:\/\/escritacontabilidade.adv.br\/blog\/wp-json\/wp\/v2\/users\/1"}],"replies":[{"embeddable":true,"href":"https:\/\/escritacontabilidade.adv.br\/blog\/wp-json\/wp\/v2\/comments?post=3779"}],"version-history":[{"count":1,"href":"https:\/\/escritacontabilidade.adv.br\/blog\/wp-json\/wp\/v2\/posts\/3779\/revisions"}],"predecessor-version":[{"id":3780,"href":"https:\/\/escritacontabilidade.adv.br\/blog\/wp-json\/wp\/v2\/posts\/3779\/revisions\/3780"}],"wp:attachment":[{"href":"https:\/\/escritacontabilidade.adv.br\/blog\/wp-json\/wp\/v2\/media?parent=3779"}],"wp:term":[{"taxonomy":"category","embeddable":true,"href":"https:\/\/escritacontabilidade.adv.br\/blog\/wp-json\/wp\/v2\/categories?post=3779"},{"taxonomy":"post_tag","embeddable":true,"href":"https:\/\/escritacontabilidade.adv.br\/blog\/wp-json\/wp\/v2\/tags?post=3779"}],"curies":[{"name":"wp","href":"https:\/\/api.w.org\/{rel}","templated":true}]}}