{"id":3540,"date":"2013-10-07T15:16:32","date_gmt":"2013-10-07T18:16:32","guid":{"rendered":"http:\/\/escritacontabilidade.adv.br\/blog\/?p=3540"},"modified":"2013-10-07T15:16:32","modified_gmt":"2013-10-07T18:16:32","slug":"impostos-pagos-no-brasil-pesam-na-disputa-com-vinhos-importados","status":"publish","type":"post","link":"https:\/\/escritacontabilidade.adv.br\/blog\/2013\/10\/impostos-pagos-no-brasil-pesam-na-disputa-com-vinhos-importados\/","title":{"rendered":"Impostos pagos no Brasil pesam na disputa com vinhos importados"},"content":{"rendered":"<p>As vendas dentro e fora do Brasil ainda s\u00e3o limitadas por defici\u00eancias na distribui\u00e7\u00e3o, reconhecem os produtores. Como a maioria das vin\u00edcolas s\u00e3o pequenas e disp\u00f5em de pouco capital, h\u00e1 dificuldade em levar produtos para mercados distantes ou abastecer grandes redes de supermercados no Sudeste, que concentra a grande massa de consumo.<\/p>\n<p>Em muitos casos, as vin\u00edcolas menores, que plantam de 10 a 15 hectares, recorrem a importadores brasileiros para deslocar seus produtos at\u00e9 o centro do pa\u00eds. A exce\u00e7\u00e3o fica com vin\u00edcolas com amplas estruturas de distribui\u00e7\u00e3o, como Miolo, Casa Valduga, Aurora e L\u00eddio Carraro. E as estantes remanescentes acabam recebendo vinhos chilenos e argentinos.<\/p>\n<p>A disputa com os importados tamb\u00e9m \u00e9 prejudicada pelos impostos. Conforme Juarez Valduga, presidente da Casa Valduga e da Aprovale, a carga tribut\u00e1ria ao setor chega a 57% do valor da garrafa. J\u00e1 um vinho importado pode pagar uma taxa de apenas 4%, dependendo dos incentivos que recebe em seu pa\u00eds. No Chile, os vinhos praticamente n\u00e3o pagam impostos, pois h\u00e1 compensa\u00e7\u00e3o na compra de m\u00e1quinas.<\/p>\n<p>\u2014 Em alguns pa\u00edses da Europa, o vinho \u00e9 considerado alimento, e a carga tribut\u00e1ria fica bem abaixo da brasileira \u2014 explica Valduga.<\/p>\n<p>Outro entrave para desarrolhar as vendas \u00e9 o consumo per capita do pa\u00eds. Enquanto na Fran\u00e7a e na It\u00e1lia cada pessoa consome de 20 a 30 litros por ano, no Brasil esse n\u00famero \u00e9 de 2,5 litros. Sem mercado e na necessidade de esvaziar os estoques para a nova safra, muitas vin\u00edcolas freiam a produ\u00e7\u00e3o ou acabam exportando vinho \u00e0 granel ao Exterior, explica Valduga, faturando menos do que ganharia se vendessem em garrafas.<\/p>\n","protected":false},"excerpt":{"rendered":"<p>As vendas dentro e fora do Brasil ainda s\u00e3o limitadas por defici\u00eancias na distribui\u00e7\u00e3o, reconhecem os produtores. Como a maioria das vin\u00edcolas s\u00e3o pequenas e disp\u00f5em de pouco capital, h\u00e1 dificuldade em levar produtos para mercados distantes ou abastecer grandes redes de supermercados no Sudeste, que concentra a grande massa de consumo. Em muitos casos, [&hellip;]<\/p>\n","protected":false},"author":1,"featured_media":0,"comment_status":"open","ping_status":"open","sticky":false,"template":"","format":"standard","meta":{"jetpack_post_was_ever_published":false,"_jetpack_newsletter_access":"","jetpack_publicize_message":"","jetpack_is_tweetstorm":false,"jetpack_publicize_feature_enabled":true,"jetpack_social_post_already_shared":true,"jetpack_social_options":{"image_generator_settings":{"template":"highway","enabled":false}}},"categories":[],"tags":[],"jetpack_publicize_connections":[],"jetpack_featured_media_url":"","jetpack_sharing_enabled":true,"jetpack_shortlink":"https:\/\/wp.me\/p28224-V6","jetpack_likes_enabled":true,"jetpack-related-posts":[],"amp_enabled":true,"_links":{"self":[{"href":"https:\/\/escritacontabilidade.adv.br\/blog\/wp-json\/wp\/v2\/posts\/3540"}],"collection":[{"href":"https:\/\/escritacontabilidade.adv.br\/blog\/wp-json\/wp\/v2\/posts"}],"about":[{"href":"https:\/\/escritacontabilidade.adv.br\/blog\/wp-json\/wp\/v2\/types\/post"}],"author":[{"embeddable":true,"href":"https:\/\/escritacontabilidade.adv.br\/blog\/wp-json\/wp\/v2\/users\/1"}],"replies":[{"embeddable":true,"href":"https:\/\/escritacontabilidade.adv.br\/blog\/wp-json\/wp\/v2\/comments?post=3540"}],"version-history":[{"count":2,"href":"https:\/\/escritacontabilidade.adv.br\/blog\/wp-json\/wp\/v2\/posts\/3540\/revisions"}],"predecessor-version":[{"id":3542,"href":"https:\/\/escritacontabilidade.adv.br\/blog\/wp-json\/wp\/v2\/posts\/3540\/revisions\/3542"}],"wp:attachment":[{"href":"https:\/\/escritacontabilidade.adv.br\/blog\/wp-json\/wp\/v2\/media?parent=3540"}],"wp:term":[{"taxonomy":"category","embeddable":true,"href":"https:\/\/escritacontabilidade.adv.br\/blog\/wp-json\/wp\/v2\/categories?post=3540"},{"taxonomy":"post_tag","embeddable":true,"href":"https:\/\/escritacontabilidade.adv.br\/blog\/wp-json\/wp\/v2\/tags?post=3540"}],"curies":[{"name":"wp","href":"https:\/\/api.w.org\/{rel}","templated":true}]}}