{"id":3521,"date":"2013-10-07T13:30:00","date_gmt":"2013-10-07T16:30:00","guid":{"rendered":"http:\/\/escritacontabilidade.adv.br\/blog\/?p=3521"},"modified":"2013-10-07T13:30:00","modified_gmt":"2013-10-07T16:30:00","slug":"mao-de-obra-escassa-e-cada-vez-mais-cara","status":"publish","type":"post","link":"https:\/\/escritacontabilidade.adv.br\/blog\/2013\/10\/mao-de-obra-escassa-e-cada-vez-mais-cara\/","title":{"rendered":"M\u00e3o de obra escassa e cada vez mais cara"},"content":{"rendered":"<p>A categoria dos trabalhadores dom\u00e9sticos est\u00e1 &#8220;envelhecendo&#8221; no Brasil e encontrar uma empregada mensalista ou diarista \u00e9 uma tarefa cada vez mais dif\u00edcil. Metade das dom\u00e9sticas no Pa\u00eds tem mais de 40 anos e ainda possui baixa escolaridade, limitada ao ensino fundamental incompleto em quase 49% dos casos. Com a escassez de m\u00e3o de obra, j\u00e1 que o n\u00famero de dom\u00e9sticas diminuiu 9% entre 2009 e 2011, estes servi\u00e7os t\u00eam ficado cada vez mais caros. S\u00f3 entre os anos de 2004 e 2011, houve um aumento de 46% no rendimento m\u00e9dio destes trabalhadores.<\/p>\n<p>Os dados fazem parte do &#8220;Emprego Dom\u00e9stico no Brasil&#8221;, realizado pelo Departamento Intersindical de Estat\u00edstica e Estudos Socioecon\u00f4micos (Dieese). Para o professor do curso de Economia da PUC-PR, Carlos Magno Bittencourt, a categoria de dom\u00e9sticas hoje \u00e9 formada por pessoas, principalmente, acima de 40 anos, porque com o n\u00edvel de emprego elevado os jovens n\u00e3o querem entrar nesta \u00e1rea, j\u00e1 que o mercado est\u00e1 oferecendo outras possibilidades.<\/p>\n<p>Segundo ele, a m\u00e3o de obra que iria para o servi\u00e7o dom\u00e9stico est\u00e1 procurando outras fun\u00e7\u00f5es como vendedores, operadores de telemarketing e servi\u00e7os de est\u00e9tica e telecomunica\u00e7\u00f5es. Bittencourt diz que talvez chegue um momento em que seja necess\u00e1rio trazer at\u00e9 m\u00e3o de obra de fora do Pa\u00eds, como j\u00e1 acontece em pa\u00edses como os Estados Unidos. Ele prev\u00ea que a utiliza\u00e7\u00e3o dos servi\u00e7os de diaristas (em detrimento das mensalistas), de lavanderias e de restaurantes pelas fam\u00edlias seja cada vez mais comum com o encarecimento da m\u00e3o de obra dom\u00e9stica.<\/p>\n<p>O estudo do Dieese mostra que a mudan\u00e7a no perfil das dom\u00e9sticas tamb\u00e9m pode ser explicada pelo aumento do n\u00edvel de escolaridade entre a popula\u00e7\u00e3o jovem, o que possibilita a busca por ocupa\u00e7\u00f5es mais valorizadas socialmente, com melhores remunera\u00e7\u00f5es. A pesquisa revela que ocorreu redu\u00e7\u00e3o de jovens ocupadas nesta atividade, de 6,1% para 3,9%, para aquelas com idade entre 10 e 17 anos; e de 16,8% para 9,3%, entre 18 e 24 anos, na compara\u00e7\u00e3o entre os anos de 2004 e 2011.<\/p>\n<p>Em 2004, o maior percentual destes postos de trabalho era ocupado por mulheres de 30 a 39 anos (27,2%). J\u00e1 em 2011, a maior parcela dessas trabalhadoras estava na faixa et\u00e1ria de 40 a 49 anos (28,5%). Cresceu tamb\u00e9m o percentual de mulheres no emprego dom\u00e9stico com 50 anos e mais, que passou de 13,7%, em 2004, para 21,9%, em 2011.<\/p>\n<p>O economista do Dieese, Fabiano Camargo da Silva, explica que as mulheres com mais de 40 anos est\u00e3o na profiss\u00e3o porque come\u00e7aram cedo e n\u00e3o tiveram outras oportunidades de vida. Ele acredita que a tend\u00eancia \u00e9 que diminua ainda mais o n\u00famero de dom\u00e9sticas.<\/p>\n<p>Para a professora do curso t\u00e9cnico de Recursos Humanos e Secretariado do TECPUC, Tatiana Borges de Oliveira, com a nova legisla\u00e7\u00e3o que regulamenta a profiss\u00e3o, vai se resgatar um pouco desta atividade que estava quase se extinguindo. &#8220;Antes disso, estes trabalhadores tinham os seus direitos limitados, por isso, este mercado estava sendo pouco procurado&#8221;, diz.<\/p>\n","protected":false},"excerpt":{"rendered":"<p>A categoria dos trabalhadores dom\u00e9sticos est\u00e1 &#8220;envelhecendo&#8221; no Brasil e encontrar uma empregada mensalista ou diarista \u00e9 uma tarefa cada vez mais dif\u00edcil. Metade das dom\u00e9sticas no Pa\u00eds tem mais de 40 anos e ainda possui baixa escolaridade, limitada ao ensino fundamental incompleto em quase 49% dos casos. Com a escassez de m\u00e3o de obra, [&hellip;]<\/p>\n","protected":false},"author":1,"featured_media":0,"comment_status":"open","ping_status":"open","sticky":false,"template":"","format":"standard","meta":{"jetpack_post_was_ever_published":false,"_jetpack_newsletter_access":"","jetpack_publicize_message":"","jetpack_is_tweetstorm":false,"jetpack_publicize_feature_enabled":true,"jetpack_social_post_already_shared":true,"jetpack_social_options":{"image_generator_settings":{"template":"highway","enabled":false}}},"categories":[],"tags":[],"jetpack_publicize_connections":[],"jetpack_featured_media_url":"","jetpack_sharing_enabled":true,"jetpack_shortlink":"https:\/\/wp.me\/p28224-UN","jetpack_likes_enabled":true,"jetpack-related-posts":[],"amp_enabled":true,"_links":{"self":[{"href":"https:\/\/escritacontabilidade.adv.br\/blog\/wp-json\/wp\/v2\/posts\/3521"}],"collection":[{"href":"https:\/\/escritacontabilidade.adv.br\/blog\/wp-json\/wp\/v2\/posts"}],"about":[{"href":"https:\/\/escritacontabilidade.adv.br\/blog\/wp-json\/wp\/v2\/types\/post"}],"author":[{"embeddable":true,"href":"https:\/\/escritacontabilidade.adv.br\/blog\/wp-json\/wp\/v2\/users\/1"}],"replies":[{"embeddable":true,"href":"https:\/\/escritacontabilidade.adv.br\/blog\/wp-json\/wp\/v2\/comments?post=3521"}],"version-history":[{"count":1,"href":"https:\/\/escritacontabilidade.adv.br\/blog\/wp-json\/wp\/v2\/posts\/3521\/revisions"}],"predecessor-version":[{"id":3522,"href":"https:\/\/escritacontabilidade.adv.br\/blog\/wp-json\/wp\/v2\/posts\/3521\/revisions\/3522"}],"wp:attachment":[{"href":"https:\/\/escritacontabilidade.adv.br\/blog\/wp-json\/wp\/v2\/media?parent=3521"}],"wp:term":[{"taxonomy":"category","embeddable":true,"href":"https:\/\/escritacontabilidade.adv.br\/blog\/wp-json\/wp\/v2\/categories?post=3521"},{"taxonomy":"post_tag","embeddable":true,"href":"https:\/\/escritacontabilidade.adv.br\/blog\/wp-json\/wp\/v2\/tags?post=3521"}],"curies":[{"name":"wp","href":"https:\/\/api.w.org\/{rel}","templated":true}]}}