{"id":3512,"date":"2013-10-04T14:27:20","date_gmt":"2013-10-04T17:27:20","guid":{"rendered":"http:\/\/escritacontabilidade.adv.br\/blog\/?p=3512"},"modified":"2013-10-04T14:27:20","modified_gmt":"2013-10-04T17:27:20","slug":"instalada-comissao-para-analisar-pec-que-da-autonomia-a-administracao-tributaria","status":"publish","type":"post","link":"https:\/\/escritacontabilidade.adv.br\/blog\/2013\/10\/instalada-comissao-para-analisar-pec-que-da-autonomia-a-administracao-tributaria\/","title":{"rendered":"Instalada comiss\u00e3o para analisar PEC que d\u00e1 autonomia \u00e0 administra\u00e7\u00e3o tribut\u00e1ria"},"content":{"rendered":"<p>Foi instalada nesta quarta-feira (2) a Comiss\u00e3o Especial que analisa a Proposta de Emenda \u00e0 Constitui\u00e7\u00e3o (PEC) 186\/07, que confere autonomia funcional, administrativa e or\u00e7ament\u00e1ria para as carreiras da administra\u00e7\u00e3o tribut\u00e1ria da Uni\u00e3o, de estados, do Distrito Federal e de munic\u00edpios.<\/p>\n<p>A comiss\u00e3o ter\u00e1 como presidente o deputado Policarpo (PT-DF) e como relator o deputado Rog\u00e9rio Peninha Mendon\u00e7a (PMDB-SC). Nenhum vice-presidente foi eleito.<\/p>\n<p>A reuni\u00e3o da comiss\u00e3o est\u00e1 marcada para ter\u00e7a-feira (8), \u00e0s 14 horas, no Plen\u00e1rio 6. Na pauta, a apresenta\u00e7\u00e3o do roteiro de trabalho pelo relator; a elei\u00e7\u00e3o dos vice-presidentes (caso haja indica\u00e7\u00f5es); e a vota\u00e7\u00e3o de requerimentos.<\/p>\n<p>Sobre a PEC<br \/>\nPara o deputado D\u00e9cio Lima (PT-SC), autor da proposta, as administra\u00e7\u00f5es tribut\u00e1rias devem ser \u00f3rg\u00e3os de Estado, e n\u00e3o dos governos. \u201cOs fiscos dos diversos entes da Federa\u00e7\u00e3o necessitam de normas gerais que possibilitem uma identidade nacional de seus servidores, respeitadas as compet\u00eancias espec\u00edficas, dotando-lhes da unicidade de direitos, deveres, garantias e prerrogativas\u201d, disse.<\/p>\n<p>Tramita\u00e7\u00e3o<br \/>\nA proposta foi aprovada pela Comiss\u00e3o de Constitui\u00e7\u00e3o e Justi\u00e7a e de Cidadania, mas houve pol\u00eamica em rela\u00e7\u00e3o \u00e0 autonomia or\u00e7ament\u00e1ria.<\/p>\n<p>Se aprovado pela Comiss\u00e3o Especial, o texto segue para o Plen\u00e1rio, onde precisa ser aprovado em dois turnos.<\/p>\n","protected":false},"excerpt":{"rendered":"<p>Foi instalada nesta quarta-feira (2) a Comiss\u00e3o Especial que analisa a Proposta de Emenda \u00e0 Constitui\u00e7\u00e3o (PEC) 186\/07, que confere autonomia funcional, administrativa e or\u00e7ament\u00e1ria para as carreiras da administra\u00e7\u00e3o tribut\u00e1ria da Uni\u00e3o, de estados, do Distrito Federal e de munic\u00edpios. A comiss\u00e3o ter\u00e1 como presidente o deputado Policarpo (PT-DF) e como relator o deputado [&hellip;]<\/p>\n","protected":false},"author":1,"featured_media":0,"comment_status":"open","ping_status":"open","sticky":false,"template":"","format":"standard","meta":{"jetpack_post_was_ever_published":false,"_jetpack_newsletter_access":"","jetpack_publicize_message":"","jetpack_is_tweetstorm":false,"jetpack_publicize_feature_enabled":true,"jetpack_social_post_already_shared":true,"jetpack_social_options":{"image_generator_settings":{"template":"highway","enabled":false}}},"categories":[],"tags":[],"jetpack_publicize_connections":[],"jetpack_featured_media_url":"","jetpack_sharing_enabled":true,"jetpack_shortlink":"https:\/\/wp.me\/p28224-UE","jetpack_likes_enabled":true,"jetpack-related-posts":[],"amp_enabled":true,"_links":{"self":[{"href":"https:\/\/escritacontabilidade.adv.br\/blog\/wp-json\/wp\/v2\/posts\/3512"}],"collection":[{"href":"https:\/\/escritacontabilidade.adv.br\/blog\/wp-json\/wp\/v2\/posts"}],"about":[{"href":"https:\/\/escritacontabilidade.adv.br\/blog\/wp-json\/wp\/v2\/types\/post"}],"author":[{"embeddable":true,"href":"https:\/\/escritacontabilidade.adv.br\/blog\/wp-json\/wp\/v2\/users\/1"}],"replies":[{"embeddable":true,"href":"https:\/\/escritacontabilidade.adv.br\/blog\/wp-json\/wp\/v2\/comments?post=3512"}],"version-history":[{"count":1,"href":"https:\/\/escritacontabilidade.adv.br\/blog\/wp-json\/wp\/v2\/posts\/3512\/revisions"}],"predecessor-version":[{"id":3513,"href":"https:\/\/escritacontabilidade.adv.br\/blog\/wp-json\/wp\/v2\/posts\/3512\/revisions\/3513"}],"wp:attachment":[{"href":"https:\/\/escritacontabilidade.adv.br\/blog\/wp-json\/wp\/v2\/media?parent=3512"}],"wp:term":[{"taxonomy":"category","embeddable":true,"href":"https:\/\/escritacontabilidade.adv.br\/blog\/wp-json\/wp\/v2\/categories?post=3512"},{"taxonomy":"post_tag","embeddable":true,"href":"https:\/\/escritacontabilidade.adv.br\/blog\/wp-json\/wp\/v2\/tags?post=3512"}],"curies":[{"name":"wp","href":"https:\/\/api.w.org\/{rel}","templated":true}]}}