{"id":3076,"date":"2013-06-11T16:49:19","date_gmt":"2013-06-11T19:49:19","guid":{"rendered":"http:\/\/escritacontabilidade.adv.br\/blog\/?p=3076"},"modified":"2013-06-11T16:49:19","modified_gmt":"2013-06-11T19:49:19","slug":"inflacao-medida-pelo-ipc-s-sobe-em-6-de-7-capitais-na-1a-semana-de-junho","status":"publish","type":"post","link":"https:\/\/escritacontabilidade.adv.br\/blog\/2013\/06\/inflacao-medida-pelo-ipc-s-sobe-em-6-de-7-capitais-na-1a-semana-de-junho\/","title":{"rendered":"Infla\u00e7\u00e3o medida pelo IPC-S sobe em 6 de 7 capitais na 1\u00aa semana de junho"},"content":{"rendered":"<p><strong>\u00a0<\/strong><\/p>\n<p>A infla\u00e7\u00e3o medida pelo \u00cdndice de Pre\u00e7os ao Consumidor &#8211; Semanal (IPC-S) acelerou em seis de sete capitais na primeira semana de junho sobre a semana anterior, informou nesta ter\u00e7a-feira (11) a Funda\u00e7\u00e3o Getulio Vargas (FGV).<\/p>\n<p>A infla\u00e7\u00e3o geral medida pelo IPC-S acelerou para 0,48% no per\u00edodo, alta de 0,16 ponto percentual em rela\u00e7\u00e3o ao resultado da semana anterior.<\/p>\n<p>A \u00fanica queda foi registrada no Recife, onde o indicador passou de 0,59% na \u00faltima semana de maio para 0,54% no per\u00edodo observado.<\/p>\n<p>Todas as outras capitais pesquisadas apresentaram alta na medi\u00e7\u00e3o: Bras\u00edlia (de 0,59% para 0,72%), Belo Horizonte (de 0,45% para 0,48%), Rio de Janeiro (de 0,44% para 0,62%), Porto Alegre (de 0,30% para 0,52%), S\u00e3o Paulo (de 0,36% para 0,51%) e Salvador (de -0,46% para -0,11%).<\/p>\n","protected":false},"excerpt":{"rendered":"<p>\u00a0 A infla\u00e7\u00e3o medida pelo \u00cdndice de Pre\u00e7os ao Consumidor &#8211; Semanal (IPC-S) acelerou em seis de sete capitais na primeira semana de junho sobre a semana anterior, informou nesta ter\u00e7a-feira (11) a Funda\u00e7\u00e3o Getulio Vargas (FGV). A infla\u00e7\u00e3o geral medida pelo IPC-S acelerou para 0,48% no per\u00edodo, alta de 0,16 ponto percentual em rela\u00e7\u00e3o [&hellip;]<\/p>\n","protected":false},"author":1,"featured_media":0,"comment_status":"open","ping_status":"open","sticky":false,"template":"","format":"standard","meta":{"jetpack_post_was_ever_published":false,"_jetpack_newsletter_access":"","jetpack_publicize_message":"","jetpack_is_tweetstorm":false,"jetpack_publicize_feature_enabled":true,"jetpack_social_post_already_shared":true,"jetpack_social_options":{"image_generator_settings":{"template":"highway","enabled":false}}},"categories":[],"tags":[],"jetpack_publicize_connections":[],"jetpack_featured_media_url":"","jetpack_sharing_enabled":true,"jetpack_shortlink":"https:\/\/wp.me\/p28224-NC","jetpack_likes_enabled":true,"jetpack-related-posts":[],"amp_enabled":true,"_links":{"self":[{"href":"https:\/\/escritacontabilidade.adv.br\/blog\/wp-json\/wp\/v2\/posts\/3076"}],"collection":[{"href":"https:\/\/escritacontabilidade.adv.br\/blog\/wp-json\/wp\/v2\/posts"}],"about":[{"href":"https:\/\/escritacontabilidade.adv.br\/blog\/wp-json\/wp\/v2\/types\/post"}],"author":[{"embeddable":true,"href":"https:\/\/escritacontabilidade.adv.br\/blog\/wp-json\/wp\/v2\/users\/1"}],"replies":[{"embeddable":true,"href":"https:\/\/escritacontabilidade.adv.br\/blog\/wp-json\/wp\/v2\/comments?post=3076"}],"version-history":[{"count":1,"href":"https:\/\/escritacontabilidade.adv.br\/blog\/wp-json\/wp\/v2\/posts\/3076\/revisions"}],"predecessor-version":[{"id":3077,"href":"https:\/\/escritacontabilidade.adv.br\/blog\/wp-json\/wp\/v2\/posts\/3076\/revisions\/3077"}],"wp:attachment":[{"href":"https:\/\/escritacontabilidade.adv.br\/blog\/wp-json\/wp\/v2\/media?parent=3076"}],"wp:term":[{"taxonomy":"category","embeddable":true,"href":"https:\/\/escritacontabilidade.adv.br\/blog\/wp-json\/wp\/v2\/categories?post=3076"},{"taxonomy":"post_tag","embeddable":true,"href":"https:\/\/escritacontabilidade.adv.br\/blog\/wp-json\/wp\/v2\/tags?post=3076"}],"curies":[{"name":"wp","href":"https:\/\/api.w.org\/{rel}","templated":true}]}}