{"id":2999,"date":"2013-05-27T13:48:50","date_gmt":"2013-05-27T16:48:50","guid":{"rendered":"http:\/\/escritacontabilidade.adv.br\/blog\/?p=2999"},"modified":"2013-05-27T13:48:50","modified_gmt":"2013-05-27T16:48:50","slug":"fisco-de-minas-muda-interpretacao-sobre-icms","status":"publish","type":"post","link":"https:\/\/escritacontabilidade.adv.br\/blog\/2013\/05\/fisco-de-minas-muda-interpretacao-sobre-icms\/","title":{"rendered":"Fisco de Minas muda interpreta\u00e7\u00e3o sobre ICMS"},"content":{"rendered":"<p>Uma solu\u00e7\u00e3o de consulta de Minas Gerais alterou o posicionamento do Fisco do Estado sobre a possibilidade de redu\u00e7\u00e3o da base de c\u00e1lculo do ICMS na importa\u00e7\u00e3o de m\u00e1quinas e equipamentos agr\u00edcolas. Segundo advogados, ap\u00f3s a divulga\u00e7\u00e3o do documento, a fiscaliza\u00e7\u00e3o passou a barrar algumas mercadorias importadas, sobre as quais os contribuintes n\u00e3o pagaram a al\u00edquota cheia do imposto.<br \/>\nA altera\u00e7\u00e3o &#8211; prevista na Consulta de Contribuinte n\u00ba 91, de 30 de abril &#8211; ocorreu ap\u00f3s uma empresa questionar o Fisco sobre a possibilidade de usar o benef\u00edcio concedido pelo Conv\u00eanio ICMS n\u00ba 52, de 1991, nas importa\u00e7\u00f5es. A norma reduz a base de c\u00e1lculo das opera\u00e7\u00f5es com equipamentos industriais e implementos agr\u00edcolas.<\/p>\n<p>Ao responder o questionamento, o Fisco de Minas entendeu que a redu\u00e7\u00e3o vale apenas para as opera\u00e7\u00f5es internas, e o contribuinte deveria usar a al\u00edquota de 18% de ICMS na importa\u00e7\u00e3o.<\/p>\n<p>De acordo com o advogado Marcelo Jabour, da Lex Legis Consultoria Tribut\u00e1ria, a resposta do Fisco mostra uma mudan\u00e7a no entendimento do \u00f3rg\u00e3o, que at\u00e9 ent\u00e3o aceitava a redu\u00e7\u00e3o da base de c\u00e1lculo na importa\u00e7\u00e3o.<\/p>\n<p>Para o advogado Giuseppe Pecorari Melotti, do Bichara, Barata &#038; Costa Advogados, a altera\u00e7\u00e3o no entendimento traz inseguran\u00e7a jur\u00eddica. &#8220;Desde 1991, o Conv\u00eanio 52 vem sendo cumprido. Vinte e dois anos depois, d\u00e3o uma guinada no barco, que deixa em situa\u00e7\u00e3o prec\u00e1ria o contribuinte&#8221;, diz.<\/p>\n<p>Jabour afirma que, ap\u00f3s a divulga\u00e7\u00e3o do documento, j\u00e1 foi procurado por tr\u00eas empresas, que foram impedidas de liberar mercadorias importadas por n\u00e3o pagarem 18% de ICMS na importa\u00e7\u00e3o.<\/p>\n","protected":false},"excerpt":{"rendered":"<p>Uma solu\u00e7\u00e3o de consulta de Minas Gerais alterou o posicionamento do Fisco do Estado sobre a possibilidade de redu\u00e7\u00e3o da base de c\u00e1lculo do ICMS na importa\u00e7\u00e3o de m\u00e1quinas e equipamentos agr\u00edcolas. Segundo advogados, ap\u00f3s a divulga\u00e7\u00e3o do documento, a fiscaliza\u00e7\u00e3o passou a barrar algumas mercadorias importadas, sobre as quais os contribuintes n\u00e3o pagaram a [&hellip;]<\/p>\n","protected":false},"author":1,"featured_media":0,"comment_status":"open","ping_status":"open","sticky":false,"template":"","format":"standard","meta":{"jetpack_post_was_ever_published":false,"_jetpack_newsletter_access":"","jetpack_publicize_message":"","jetpack_is_tweetstorm":false,"jetpack_publicize_feature_enabled":true,"jetpack_social_post_already_shared":true,"jetpack_social_options":{"image_generator_settings":{"template":"highway","enabled":false}}},"categories":[],"tags":[],"jetpack_publicize_connections":[],"jetpack_featured_media_url":"","jetpack_sharing_enabled":true,"jetpack_shortlink":"https:\/\/wp.me\/p28224-Mn","jetpack_likes_enabled":true,"jetpack-related-posts":[],"amp_enabled":true,"_links":{"self":[{"href":"https:\/\/escritacontabilidade.adv.br\/blog\/wp-json\/wp\/v2\/posts\/2999"}],"collection":[{"href":"https:\/\/escritacontabilidade.adv.br\/blog\/wp-json\/wp\/v2\/posts"}],"about":[{"href":"https:\/\/escritacontabilidade.adv.br\/blog\/wp-json\/wp\/v2\/types\/post"}],"author":[{"embeddable":true,"href":"https:\/\/escritacontabilidade.adv.br\/blog\/wp-json\/wp\/v2\/users\/1"}],"replies":[{"embeddable":true,"href":"https:\/\/escritacontabilidade.adv.br\/blog\/wp-json\/wp\/v2\/comments?post=2999"}],"version-history":[{"count":1,"href":"https:\/\/escritacontabilidade.adv.br\/blog\/wp-json\/wp\/v2\/posts\/2999\/revisions"}],"predecessor-version":[{"id":3000,"href":"https:\/\/escritacontabilidade.adv.br\/blog\/wp-json\/wp\/v2\/posts\/2999\/revisions\/3000"}],"wp:attachment":[{"href":"https:\/\/escritacontabilidade.adv.br\/blog\/wp-json\/wp\/v2\/media?parent=2999"}],"wp:term":[{"taxonomy":"category","embeddable":true,"href":"https:\/\/escritacontabilidade.adv.br\/blog\/wp-json\/wp\/v2\/categories?post=2999"},{"taxonomy":"post_tag","embeddable":true,"href":"https:\/\/escritacontabilidade.adv.br\/blog\/wp-json\/wp\/v2\/tags?post=2999"}],"curies":[{"name":"wp","href":"https:\/\/api.w.org\/{rel}","templated":true}]}}