{"id":2960,"date":"2013-05-21T15:47:30","date_gmt":"2013-05-21T18:47:30","guid":{"rendered":"http:\/\/escritacontabilidade.adv.br\/blog\/?p=2960"},"modified":"2013-05-21T15:47:30","modified_gmt":"2013-05-21T18:47:30","slug":"contribuicao-sindical-rural-pessoa-fisica-prazo-vence-amanha","status":"publish","type":"post","link":"https:\/\/escritacontabilidade.adv.br\/blog\/2013\/05\/contribuicao-sindical-rural-pessoa-fisica-prazo-vence-amanha\/","title":{"rendered":"Contribui\u00e7\u00e3o Sindical Rural Pessoa F\u00edsica \u2013 Prazo vence amanh\u00e3"},"content":{"rendered":"<p>O prazo para recolhimento da contribui\u00e7\u00e3o sindical rural das pessoas f\u00edsicas calculada com base no Valor da Terra Nua Tribut\u00e1vel (VTNt) da propriedade vence amanh\u00e3, 22\/05\/2013.<\/p>\n<p>O c\u00e1lculo da contribui\u00e7\u00e3o sindical rural \u00e9 efetuado com base nas informa\u00e7\u00f5es prestadas pelo propriet\u00e1rio rural ao cadastro fiscal de im\u00f3veis rurais (CAFIR), administrado pela Secretaria da Receita Federal \u2013 SRF.<\/p>\n<p>Os recursos arrecadados, retirados os custos da cobran\u00e7a, s\u00e3o distribu\u00eddos conforme estabelece o artigo 589 da CLT, segundo a tabela abaixo:<\/p>\n<p>Distribui\u00e7\u00e3o \/ Entidade  (%)<br \/>\nMinist\u00e9rio do Trabalho  20%<br \/>\nSindicato Rural  60%<br \/>\nFedera\u00e7\u00e3o de Agricultura do Estado  15%<br \/>\nCNA  5%<br \/>\nTotal  100%<\/p>\n<p>Para o n\u00e3o pagamento da contribui\u00e7\u00e3o e pagamento em atraso, as penalidades aplic\u00e1veis s\u00e3o as do art. 608 e 600 da CLT, respectivamente.<\/p>\n","protected":false},"excerpt":{"rendered":"<p>O prazo para recolhimento da contribui\u00e7\u00e3o sindical rural das pessoas f\u00edsicas calculada com base no Valor da Terra Nua Tribut\u00e1vel (VTNt) da propriedade vence amanh\u00e3, 22\/05\/2013. O c\u00e1lculo da contribui\u00e7\u00e3o sindical rural \u00e9 efetuado com base nas informa\u00e7\u00f5es prestadas pelo propriet\u00e1rio rural ao cadastro fiscal de im\u00f3veis rurais (CAFIR), administrado pela Secretaria da Receita Federal [&hellip;]<\/p>\n","protected":false},"author":1,"featured_media":0,"comment_status":"open","ping_status":"open","sticky":false,"template":"","format":"standard","meta":{"jetpack_post_was_ever_published":false,"_jetpack_newsletter_access":"","jetpack_publicize_message":"","jetpack_is_tweetstorm":false,"jetpack_publicize_feature_enabled":true,"jetpack_social_post_already_shared":true,"jetpack_social_options":{"image_generator_settings":{"template":"highway","enabled":false}}},"categories":[],"tags":[],"jetpack_publicize_connections":[],"jetpack_featured_media_url":"","jetpack_sharing_enabled":true,"jetpack_shortlink":"https:\/\/wp.me\/p28224-LK","jetpack_likes_enabled":true,"jetpack-related-posts":[],"amp_enabled":true,"_links":{"self":[{"href":"https:\/\/escritacontabilidade.adv.br\/blog\/wp-json\/wp\/v2\/posts\/2960"}],"collection":[{"href":"https:\/\/escritacontabilidade.adv.br\/blog\/wp-json\/wp\/v2\/posts"}],"about":[{"href":"https:\/\/escritacontabilidade.adv.br\/blog\/wp-json\/wp\/v2\/types\/post"}],"author":[{"embeddable":true,"href":"https:\/\/escritacontabilidade.adv.br\/blog\/wp-json\/wp\/v2\/users\/1"}],"replies":[{"embeddable":true,"href":"https:\/\/escritacontabilidade.adv.br\/blog\/wp-json\/wp\/v2\/comments?post=2960"}],"version-history":[{"count":1,"href":"https:\/\/escritacontabilidade.adv.br\/blog\/wp-json\/wp\/v2\/posts\/2960\/revisions"}],"predecessor-version":[{"id":2961,"href":"https:\/\/escritacontabilidade.adv.br\/blog\/wp-json\/wp\/v2\/posts\/2960\/revisions\/2961"}],"wp:attachment":[{"href":"https:\/\/escritacontabilidade.adv.br\/blog\/wp-json\/wp\/v2\/media?parent=2960"}],"wp:term":[{"taxonomy":"category","embeddable":true,"href":"https:\/\/escritacontabilidade.adv.br\/blog\/wp-json\/wp\/v2\/categories?post=2960"},{"taxonomy":"post_tag","embeddable":true,"href":"https:\/\/escritacontabilidade.adv.br\/blog\/wp-json\/wp\/v2\/tags?post=2960"}],"curies":[{"name":"wp","href":"https:\/\/api.w.org\/{rel}","templated":true}]}}