{"id":2893,"date":"2013-05-09T14:01:01","date_gmt":"2013-05-09T17:01:01","guid":{"rendered":"http:\/\/escritacontabilidade.adv.br\/blog\/?p=2893"},"modified":"2013-05-09T14:01:01","modified_gmt":"2013-05-09T17:01:01","slug":"senado-aprova-proposta-para-desonerar-empresa-que-paga-estudo-de-empregado","status":"publish","type":"post","link":"https:\/\/escritacontabilidade.adv.br\/blog\/2013\/05\/senado-aprova-proposta-para-desonerar-empresa-que-paga-estudo-de-empregado\/","title":{"rendered":"Senado aprova proposta para desonerar empresa que paga estudo de empregado"},"content":{"rendered":"<p>A Comiss\u00e3o de Assuntos Sociais do Senado aprovou na quarta-feira (8), em car\u00e1ter terminativo, uma proposta que desonera empresas que custeiam o estudo de empregados no ensino regular e em cursos profissionalizantes e de p\u00f3s-gradua\u00e7\u00e3o. Atualmente, benef\u00edcios concedidos na \u00e1rea de educa\u00e7\u00e3o s\u00e3o considerados pela Receita Federal parte do sal\u00e1rio e constam na base de c\u00e1lculo das contribui\u00e7\u00f5es sociais, como o percentual recolhido pelo empregador ao Instituto Nacional do Seguro Social (INSS).<\/p>\n<p>Na avalia\u00e7\u00e3o do senador Pedro Taques (PDT-MT), a regra atual desestimula a concess\u00e3o de mais benef\u00edcios pelas empresas. \u201cAs parcelas ou benef\u00edcios, uma vez considerados sal\u00e1rio, t\u00eam reflexos sobre as demais verbas trabalhistas\u201d, disse. Al\u00e9m disso, s\u00e3o imediatamente consideradas na base de c\u00e1lculo para incid\u00eancia de tributos, com o levantamento do d\u00e9bito tribut\u00e1rio e aplica\u00e7\u00e3o de multas, sem contar a possibilidade de o empregador responder por crime de sonega\u00e7\u00e3o e apropria\u00e7\u00e3o ind\u00e9bita\u201d, completou Taques.<\/p>\n<p>Para evitar fraudes, a proposta prev\u00ea que a desonera\u00e7\u00e3o seja limitada a gastos com educa\u00e7\u00e3o at\u00e9 30% do valor do sal\u00e1rio. Como a aprova\u00e7\u00e3o ocorreu em car\u00e1ter terminativo, a proposta segue direto para a C\u00e2mara sem necessidade de tamb\u00e9m ser votada no plen\u00e1rio do Senado.<\/p>\n","protected":false},"excerpt":{"rendered":"<p>A Comiss\u00e3o de Assuntos Sociais do Senado aprovou na quarta-feira (8), em car\u00e1ter terminativo, uma proposta que desonera empresas que custeiam o estudo de empregados no ensino regular e em cursos profissionalizantes e de p\u00f3s-gradua\u00e7\u00e3o. Atualmente, benef\u00edcios concedidos na \u00e1rea de educa\u00e7\u00e3o s\u00e3o considerados pela Receita Federal parte do sal\u00e1rio e constam na base de [&hellip;]<\/p>\n","protected":false},"author":1,"featured_media":0,"comment_status":"open","ping_status":"open","sticky":false,"template":"","format":"standard","meta":{"jetpack_post_was_ever_published":false,"_jetpack_newsletter_access":"","jetpack_publicize_message":"","jetpack_is_tweetstorm":false,"jetpack_publicize_feature_enabled":true,"jetpack_social_post_already_shared":true,"jetpack_social_options":{"image_generator_settings":{"template":"highway","enabled":false}}},"categories":[],"tags":[],"jetpack_publicize_connections":[],"jetpack_featured_media_url":"","jetpack_sharing_enabled":true,"jetpack_shortlink":"https:\/\/wp.me\/p28224-KF","jetpack_likes_enabled":true,"jetpack-related-posts":[],"amp_enabled":true,"_links":{"self":[{"href":"https:\/\/escritacontabilidade.adv.br\/blog\/wp-json\/wp\/v2\/posts\/2893"}],"collection":[{"href":"https:\/\/escritacontabilidade.adv.br\/blog\/wp-json\/wp\/v2\/posts"}],"about":[{"href":"https:\/\/escritacontabilidade.adv.br\/blog\/wp-json\/wp\/v2\/types\/post"}],"author":[{"embeddable":true,"href":"https:\/\/escritacontabilidade.adv.br\/blog\/wp-json\/wp\/v2\/users\/1"}],"replies":[{"embeddable":true,"href":"https:\/\/escritacontabilidade.adv.br\/blog\/wp-json\/wp\/v2\/comments?post=2893"}],"version-history":[{"count":0,"href":"https:\/\/escritacontabilidade.adv.br\/blog\/wp-json\/wp\/v2\/posts\/2893\/revisions"}],"wp:attachment":[{"href":"https:\/\/escritacontabilidade.adv.br\/blog\/wp-json\/wp\/v2\/media?parent=2893"}],"wp:term":[{"taxonomy":"category","embeddable":true,"href":"https:\/\/escritacontabilidade.adv.br\/blog\/wp-json\/wp\/v2\/categories?post=2893"},{"taxonomy":"post_tag","embeddable":true,"href":"https:\/\/escritacontabilidade.adv.br\/blog\/wp-json\/wp\/v2\/tags?post=2893"}],"curies":[{"name":"wp","href":"https:\/\/api.w.org\/{rel}","templated":true}]}}