{"id":2757,"date":"2013-04-18T15:38:54","date_gmt":"2013-04-18T18:38:54","guid":{"rendered":"http:\/\/escritacontabilidade.adv.br\/blog\/?p=2757"},"modified":"2013-04-18T15:38:54","modified_gmt":"2013-04-18T18:38:54","slug":"declaracao-especial-enviada-ao-bc-nao-dispensa-da-declaracao-do-ir","status":"publish","type":"post","link":"https:\/\/escritacontabilidade.adv.br\/blog\/2013\/04\/declaracao-especial-enviada-ao-bc-nao-dispensa-da-declaracao-do-ir\/","title":{"rendered":"Declara\u00e7\u00e3o Especial enviada ao BC n\u00e3o dispensa da declara\u00e7\u00e3o do IR"},"content":{"rendered":"<p>A Declara\u00e7\u00e3o Especial enviada ao Banco Central por aqueles que t\u00eam mais de US$ 100 mil aplicados no exterior n\u00e3o dispensa da declara\u00e7\u00e3o do IRPF (Imposto de Renda Pessoa F\u00edsica). O alerta \u00e9 do advogado respons\u00e1vel pelas \u00e1reas de planejamento sucess\u00f3rio e tribut\u00e1rio do escrit\u00f3rio Choaib, Paiva e Justo Advogados Associados, Samir Choaib.<\/p>\n<p>De acordo com ele, muita gente confunde as duas declara\u00e7\u00f5es, entretanto, o fato \u00e9 que tanto a Declara\u00e7\u00e3o Especial, como o IRPF, devem ser entregues por quem tem mais de US$ 100 mil aplicados fora do Brasil, enquanto que aqueles que possuem quantia menor do que esse valor no exterior deve m apenas entregar o Imposto de Renda para a Receita Federal.<\/p>\n<p>Declara\u00e7\u00e3o Especial<\/p>\n<p>O prazo para a entrega da Declara\u00e7\u00e3o Especial ao BC terminou no \u00faltimo dia 05 de abril, contudo, segundo Choaib, ainda \u00e9 poss\u00edvel escapar da multa integral, que pode chegar ao valor de R$ 250 mil.<\/p>\n<p>Isso porque, explica ele, o Banco Central prev\u00ea que, em caso de atraso de at\u00e9 30 dias, para presta\u00e7\u00e3o entregue fora do prazo, ser\u00e1 cobrado 10% da multa prevista, enquanto que para atrasos entre 30 e 60 dias, a redu\u00e7\u00e3o \u00e9 de 50% no valor da multa.<\/p>\n<p>\u201cNo geral, a Declara\u00e7\u00e3o Especial n\u00e3o gera nenhum tipo de imposto a pagar, mas se a pessoa n\u00e3o entregar ela resulta em multa\u201d, finaliza o advogado.<\/p>\n","protected":false},"excerpt":{"rendered":"<p>A Declara\u00e7\u00e3o Especial enviada ao Banco Central por aqueles que t\u00eam mais de US$ 100 mil aplicados no exterior n\u00e3o dispensa da declara\u00e7\u00e3o do IRPF (Imposto de Renda Pessoa F\u00edsica). O alerta \u00e9 do advogado respons\u00e1vel pelas \u00e1reas de planejamento sucess\u00f3rio e tribut\u00e1rio do escrit\u00f3rio Choaib, Paiva e Justo Advogados Associados, Samir Choaib. De acordo [&hellip;]<\/p>\n","protected":false},"author":1,"featured_media":0,"comment_status":"open","ping_status":"open","sticky":false,"template":"","format":"standard","meta":{"jetpack_post_was_ever_published":false,"_jetpack_newsletter_access":"","jetpack_publicize_message":"","jetpack_is_tweetstorm":false,"jetpack_publicize_feature_enabled":true,"jetpack_social_post_already_shared":true,"jetpack_social_options":{"image_generator_settings":{"template":"highway","enabled":false}}},"categories":[],"tags":[],"jetpack_publicize_connections":[],"jetpack_featured_media_url":"","jetpack_sharing_enabled":true,"jetpack_shortlink":"https:\/\/wp.me\/p28224-It","jetpack_likes_enabled":true,"jetpack-related-posts":[],"amp_enabled":true,"_links":{"self":[{"href":"https:\/\/escritacontabilidade.adv.br\/blog\/wp-json\/wp\/v2\/posts\/2757"}],"collection":[{"href":"https:\/\/escritacontabilidade.adv.br\/blog\/wp-json\/wp\/v2\/posts"}],"about":[{"href":"https:\/\/escritacontabilidade.adv.br\/blog\/wp-json\/wp\/v2\/types\/post"}],"author":[{"embeddable":true,"href":"https:\/\/escritacontabilidade.adv.br\/blog\/wp-json\/wp\/v2\/users\/1"}],"replies":[{"embeddable":true,"href":"https:\/\/escritacontabilidade.adv.br\/blog\/wp-json\/wp\/v2\/comments?post=2757"}],"version-history":[{"count":1,"href":"https:\/\/escritacontabilidade.adv.br\/blog\/wp-json\/wp\/v2\/posts\/2757\/revisions"}],"predecessor-version":[{"id":2758,"href":"https:\/\/escritacontabilidade.adv.br\/blog\/wp-json\/wp\/v2\/posts\/2757\/revisions\/2758"}],"wp:attachment":[{"href":"https:\/\/escritacontabilidade.adv.br\/blog\/wp-json\/wp\/v2\/media?parent=2757"}],"wp:term":[{"taxonomy":"category","embeddable":true,"href":"https:\/\/escritacontabilidade.adv.br\/blog\/wp-json\/wp\/v2\/categories?post=2757"},{"taxonomy":"post_tag","embeddable":true,"href":"https:\/\/escritacontabilidade.adv.br\/blog\/wp-json\/wp\/v2\/tags?post=2757"}],"curies":[{"name":"wp","href":"https:\/\/api.w.org\/{rel}","templated":true}]}}