{"id":2743,"date":"2013-04-16T17:53:26","date_gmt":"2013-04-16T20:53:26","guid":{"rendered":"http:\/\/escritacontabilidade.adv.br\/blog\/?p=2743"},"modified":"2013-04-16T17:53:26","modified_gmt":"2013-04-16T20:53:26","slug":"firmas-em-favelas-tem-de-declarar-ir","status":"publish","type":"post","link":"https:\/\/escritacontabilidade.adv.br\/blog\/2013\/04\/firmas-em-favelas-tem-de-declarar-ir\/","title":{"rendered":"Firmas em favelas t\u00eam de declarar IR"},"content":{"rendered":"<p>Os Microempreendedores Individuais de comunidades tamb\u00e9m t\u00eam que entregar suas Declara\u00e7\u00f5es Anuais do Simples Nacional para o Microempreendedor Individual, o imposto de renda da categoria. O aux\u00edlio para fazer e enviar pode ser obtido no Imposto de Renda Legal, projeto que vai em comunidades onde h\u00e1 Unidade de Pol\u00edcia Pacificadora (UPP) neste m\u00eas e em maio para orientar pessoas jur\u00eddicas e f\u00edsicas.<\/p>\n<p>O projeto, desenvolvido pelo Instituto Pereira Passos (IPP) e que conta com a parceria do Sindicato das Empresas de Servi\u00e7os Cont\u00e1beis do Rio de Janeiro (Sescon-RJ), vai passar pelas comunidades dos Tabajaras (12 e 13\/04), em Copacabana; do Salgueiro (19 e 20\/04), na Tijuca; e do Andara\u00ed (26 e 27\/04). J\u00e1 no m\u00eas que vem, o atendimento de regulariza\u00e7\u00e3o empresarial chegar\u00e1 ao Complexo do Alem\u00e3o, na Penha, entre 6 e 8 de maio.<\/p>\n<p>Hoje, o dia no Tabajaras \u00e9 destinado somente ao atendimento \u00e0 empreendedores individuais. Ontem, os agentes do IPP prestaram aux\u00edlio \u00e0s pessoas f\u00edsicas da regi\u00e3o.<\/p>\n<p>A presen\u00e7a do projeto \u00e9 ponto positivo para os comerciantes de comunidades pacificadas. Segundo Aruan Francisco Braga, assistente da Diretoria de Desenvolvimento Econ\u00f4mico Estrat\u00e9gico do IPP, hoje \u201co morador n\u00e3o precisa ficar mais com medo de preencher o formul\u00e1rio da Receita Federal\u201d.<\/p>\n<p>Braga detalha: \u201cA pacifica\u00e7\u00e3o das comunidades j\u00e1 estimula naturalmente a formaliza\u00e7\u00e3o e a legaliza\u00e7\u00e3o dos servi\u00e7os e atividades\u201d.<\/p>\n","protected":false},"excerpt":{"rendered":"<p>Os Microempreendedores Individuais de comunidades tamb\u00e9m t\u00eam que entregar suas Declara\u00e7\u00f5es Anuais do Simples Nacional para o Microempreendedor Individual, o imposto de renda da categoria. O aux\u00edlio para fazer e enviar pode ser obtido no Imposto de Renda Legal, projeto que vai em comunidades onde h\u00e1 Unidade de Pol\u00edcia Pacificadora (UPP) neste m\u00eas e em [&hellip;]<\/p>\n","protected":false},"author":1,"featured_media":0,"comment_status":"open","ping_status":"open","sticky":false,"template":"","format":"standard","meta":{"jetpack_post_was_ever_published":false,"_jetpack_newsletter_access":"","jetpack_publicize_message":"","jetpack_is_tweetstorm":false,"jetpack_publicize_feature_enabled":true,"jetpack_social_post_already_shared":true,"jetpack_social_options":{"image_generator_settings":{"template":"highway","enabled":false}}},"categories":[],"tags":[],"jetpack_publicize_connections":[],"jetpack_featured_media_url":"","jetpack_sharing_enabled":true,"jetpack_shortlink":"https:\/\/wp.me\/p28224-If","jetpack_likes_enabled":true,"jetpack-related-posts":[],"amp_enabled":true,"_links":{"self":[{"href":"https:\/\/escritacontabilidade.adv.br\/blog\/wp-json\/wp\/v2\/posts\/2743"}],"collection":[{"href":"https:\/\/escritacontabilidade.adv.br\/blog\/wp-json\/wp\/v2\/posts"}],"about":[{"href":"https:\/\/escritacontabilidade.adv.br\/blog\/wp-json\/wp\/v2\/types\/post"}],"author":[{"embeddable":true,"href":"https:\/\/escritacontabilidade.adv.br\/blog\/wp-json\/wp\/v2\/users\/1"}],"replies":[{"embeddable":true,"href":"https:\/\/escritacontabilidade.adv.br\/blog\/wp-json\/wp\/v2\/comments?post=2743"}],"version-history":[{"count":1,"href":"https:\/\/escritacontabilidade.adv.br\/blog\/wp-json\/wp\/v2\/posts\/2743\/revisions"}],"predecessor-version":[{"id":2744,"href":"https:\/\/escritacontabilidade.adv.br\/blog\/wp-json\/wp\/v2\/posts\/2743\/revisions\/2744"}],"wp:attachment":[{"href":"https:\/\/escritacontabilidade.adv.br\/blog\/wp-json\/wp\/v2\/media?parent=2743"}],"wp:term":[{"taxonomy":"category","embeddable":true,"href":"https:\/\/escritacontabilidade.adv.br\/blog\/wp-json\/wp\/v2\/categories?post=2743"},{"taxonomy":"post_tag","embeddable":true,"href":"https:\/\/escritacontabilidade.adv.br\/blog\/wp-json\/wp\/v2\/tags?post=2743"}],"curies":[{"name":"wp","href":"https:\/\/api.w.org\/{rel}","templated":true}]}}