{"id":2730,"date":"2013-04-10T13:59:52","date_gmt":"2013-04-10T16:59:52","guid":{"rendered":"http:\/\/escritacontabilidade.adv.br\/blog\/?p=2730"},"modified":"2013-04-10T13:59:52","modified_gmt":"2013-04-10T16:59:52","slug":"operacao-extremo-norte-receita-federal-desarticula-esquema-de-fraudes-ao-imposto-de-renda-envolvendo-prefeituras-em-tres-estados","status":"publish","type":"post","link":"https:\/\/escritacontabilidade.adv.br\/blog\/2013\/04\/operacao-extremo-norte-receita-federal-desarticula-esquema-de-fraudes-ao-imposto-de-renda-envolvendo-prefeituras-em-tres-estados\/","title":{"rendered":"Opera\u00e7\u00e3o EXTREMO NORTE \u2013 Receita Federal desarticula esquema de fraudes ao Imposto de Renda envolvendo Prefeituras em tr\u00eas Estados"},"content":{"rendered":"<p>A Receita Federal, o Minist\u00e9rio P\u00fablico Federal e a Pol\u00edcia Federal deflagraram hoje (10) a opera\u00e7\u00e3o \u201cExtremo Norte\u201d para desarticular um esquema de fraudes contra a Receita<\/p>\n<p>A a\u00e7\u00e3o \u00e9 resultado de investiga\u00e7\u00e3o conjunta dos \u00f3rg\u00e3os federais iniciada h\u00e1 um ano, quando foi identificado um esquema fraudulento de restitui\u00e7\u00f5es indevidas do Imposto de Renda da Pessoa F\u00edsica (IRPF). A fraude se iniciava com a transmiss\u00e3o das Declara\u00e7\u00f5es de Imposto de Renda Retido na Fonte (DIRF) de prefeituras e \u00f3rg\u00e3os municipais com a inser\u00e7\u00e3o de informa\u00e7\u00f5es falsas sobre reten\u00e7\u00f5es do imposto de renda.<\/p>\n<p>S\u00e3o cumpridos hoje 11 Mandados de Busca e Apreens\u00e3o e 15 Mandados de Condu\u00e7\u00e3o Coercitiva. Participam da opera\u00e7\u00e3o 30 servidores da Receita Federal e 60 policiais federais.<\/p>\n<p>H\u00e1 ind\u00edcios que apontam que parte da organiza\u00e7\u00e3o criminosa identificada em 2011 na Opera\u00e7\u00e3o APATE, deflagrada pela Receita Federal e Pol\u00edcia Federal, continua em atua\u00e7\u00e3o, dessa vez em munic\u00edpios do Par\u00e1 e Roraima. Outro grupo, tamb\u00e9m investigado na opera\u00e7\u00e3o de hoje, atua a partir de um escrit\u00f3rio de contabilidade localizado em Ananindeua (PA) fraudando DIRF de entes p\u00fablicos do nordeste paraense. A estimativa da Receita Federal \u00e9 que o preju\u00edzo aos cofres p\u00fablicos alcance montante superior a R$ 30 milh\u00f5es.<\/p>\n<p>EXTREMO NORTE<\/p>\n<p>O nome dado \u00e0 opera\u00e7\u00e3o &#8211; \u201cExtremo Norte\u201d &#8211; faz alus\u00e3o \u00e0 exist\u00eancia de ind\u00edcios de fraude que tamb\u00e9m envolve o estado de Roraima, regi\u00e3o geogr\u00e1fica onde est\u00e1 localizado o ponto mais setentrional do pa\u00eds.<\/p>\n<p>Os envolvidos poder\u00e3o responder por crimes contra a ordem tribut\u00e1ria, forma\u00e7\u00e3o de quadrilha, falsidade ideol\u00f3gica, entre outros crimes.<\/p>\n<p>As Declara\u00e7\u00f5es do Imposto de Renda que contenham dados falsos informados pelos Munic\u00edpios ser\u00e3o retidas pela Receita Federal e auditadas. As multas podem chegar a 300% do valor do tributo devido e caso seja confirmado o envolvimento dos contribuintes, estes poder\u00e3o responder criminalmente pela fraude.<\/p>\n<p>Receita Federal intensifica o combate a fraudes em declara\u00e7\u00f5es do Imposto de Renda<br \/>\nApenas na \u00faltima semana a Receita Federal realizou duas grandes a\u00e7\u00f5es de combate a fraudes envolvendo fraudes ao imposto de renda. Na Bahia ocorreu no dia 04 a opera\u00e7\u00e3o Te\u00e7a \u2013 Olhos Atentos, com a pris\u00e3o de dois suspeitos em causar preju\u00edzos de aproximadamente 50 milh\u00f5es aos cofres p\u00fablicos. J\u00e1 no Esp\u00edrito Santo, no dia 05 ocorreu a opera\u00e7\u00e3o Botic\u00e3o, com objetivo de desarticular esquema de venda de falsos recibos de sa\u00fade que seriam usados na dedu\u00e7\u00e3o de valores a pagar referentes ao Imposto de Renda.<\/p>\n<p>A Receita Federal alerta que o prazo para a entrega da Declara\u00e7\u00e3o do Imposto de Renda \u2013 DIRPF 2013, ano base 2012, termina no dia 30 de abril.<br \/>\nEntrevista Coletiva<br \/>\nSer\u00e1 concedida entrevista coletiva hoje, \u00e0s 10:00 horas, no audit\u00f3rio da Superintend\u00eancia Regional da Pol\u00edcia Federal em Bel\u00e9m (PA), localizada na Av. Almirante Barroso n\u00ba 4466, Bel\u00e9m (PA). <\/p>\n","protected":false},"excerpt":{"rendered":"<p>A Receita Federal, o Minist\u00e9rio P\u00fablico Federal e a Pol\u00edcia Federal deflagraram hoje (10) a opera\u00e7\u00e3o \u201cExtremo Norte\u201d para desarticular um esquema de fraudes contra a Receita A a\u00e7\u00e3o \u00e9 resultado de investiga\u00e7\u00e3o conjunta dos \u00f3rg\u00e3os federais iniciada h\u00e1 um ano, quando foi identificado um esquema fraudulento de restitui\u00e7\u00f5es indevidas do Imposto de Renda da [&hellip;]<\/p>\n","protected":false},"author":1,"featured_media":0,"comment_status":"open","ping_status":"open","sticky":false,"template":"","format":"standard","meta":{"jetpack_post_was_ever_published":false,"_jetpack_newsletter_access":"","jetpack_publicize_message":"","jetpack_is_tweetstorm":false,"jetpack_publicize_feature_enabled":true,"jetpack_social_post_already_shared":true,"jetpack_social_options":{"image_generator_settings":{"template":"highway","enabled":false}}},"categories":[],"tags":[],"jetpack_publicize_connections":[],"jetpack_featured_media_url":"","jetpack_sharing_enabled":true,"jetpack_shortlink":"https:\/\/wp.me\/p28224-I2","jetpack_likes_enabled":true,"jetpack-related-posts":[],"amp_enabled":true,"_links":{"self":[{"href":"https:\/\/escritacontabilidade.adv.br\/blog\/wp-json\/wp\/v2\/posts\/2730"}],"collection":[{"href":"https:\/\/escritacontabilidade.adv.br\/blog\/wp-json\/wp\/v2\/posts"}],"about":[{"href":"https:\/\/escritacontabilidade.adv.br\/blog\/wp-json\/wp\/v2\/types\/post"}],"author":[{"embeddable":true,"href":"https:\/\/escritacontabilidade.adv.br\/blog\/wp-json\/wp\/v2\/users\/1"}],"replies":[{"embeddable":true,"href":"https:\/\/escritacontabilidade.adv.br\/blog\/wp-json\/wp\/v2\/comments?post=2730"}],"version-history":[{"count":1,"href":"https:\/\/escritacontabilidade.adv.br\/blog\/wp-json\/wp\/v2\/posts\/2730\/revisions"}],"predecessor-version":[{"id":2731,"href":"https:\/\/escritacontabilidade.adv.br\/blog\/wp-json\/wp\/v2\/posts\/2730\/revisions\/2731"}],"wp:attachment":[{"href":"https:\/\/escritacontabilidade.adv.br\/blog\/wp-json\/wp\/v2\/media?parent=2730"}],"wp:term":[{"taxonomy":"category","embeddable":true,"href":"https:\/\/escritacontabilidade.adv.br\/blog\/wp-json\/wp\/v2\/categories?post=2730"},{"taxonomy":"post_tag","embeddable":true,"href":"https:\/\/escritacontabilidade.adv.br\/blog\/wp-json\/wp\/v2\/tags?post=2730"}],"curies":[{"name":"wp","href":"https:\/\/api.w.org\/{rel}","templated":true}]}}