{"id":2693,"date":"2013-03-28T15:12:59","date_gmt":"2013-03-28T18:12:59","guid":{"rendered":"http:\/\/escritacontabilidade.adv.br\/blog\/?p=2693"},"modified":"2013-03-28T15:12:59","modified_gmt":"2013-03-28T18:12:59","slug":"cic-contra-a-unificacao-do-icms","status":"publish","type":"post","link":"https:\/\/escritacontabilidade.adv.br\/blog\/2013\/03\/cic-contra-a-unificacao-do-icms\/","title":{"rendered":"CIC contra a unifica\u00e7\u00e3o do ICMS"},"content":{"rendered":"<p>O Centro Industrial do Cear\u00e1 (CIC) se posiciona contra a proposta do Governo Federal que reforma o Imposto sobre Circula\u00e7\u00e3o de Mercadorias e Servi\u00e7os (ICMS). A proposi\u00e7\u00e3o prev\u00ea a unifica\u00e7\u00e3o em 4% da al\u00edquota interestadual do ICMS, que atualmente corresponde a 12% e 7%. Segundo a presidente do CIC, Nicolle Barbosa, a medida provis\u00f3ria fere a constitui\u00e7\u00e3o, pois tira a autonomia pol\u00edtica e tribut\u00e1ria dos Estados, e inconstitucional, uma vez que a compet\u00eancia para estabelecer a al\u00edquota \u00e9 do Senado.<\/p>\n<p>&#8220;Somos contr\u00e1rios \u00e0 proposta porque ela tira a autonomia dos Estados para definir o percentual de ren\u00fancia fiscal na atra\u00e7\u00e3o de instala\u00e7\u00e3o de f\u00e1bricas e ind\u00fastrias&#8221;, destaca Barbosa.<\/p>\n<p>Incentivo para as empresas<\/p>\n<p>O CIC contesta o argumento de que a unifica\u00e7\u00e3o da al\u00edquota acaba com a suposta &#8220;guerra fiscal&#8221;, batizada pelos Estados do Sul e Sudeste. Lembra a presidente do CIC que os Estados usam a redu\u00e7\u00e3o do tributo como forma de incentivo para atrair empresas, gerando emprego e renda, visto que n\u00e3o existe uma eficiente pol\u00edtica de desenvolvimento regional no Brasil. Ela exemplifica o caso da Grendene, em Sobral. A empresa assegura 70% dos empregos daquele munic\u00edpio e gera 70% do Imposto.<\/p>\n<p>Outro questionamento \u00e9 quanto a efetiva compensa\u00e7\u00e3o das perdas com a redu\u00e7\u00e3o da al\u00edquota do ICMS. O receio do CIC \u00e9 de que o ressarcimento fique semelhante ao que era previsto pela Lei Kandir para compensar a isen\u00e7\u00e3o de ICMS feita por Estados exportadores.<\/p>\n<p>A entidade acredita que a compensa\u00e7\u00e3o prometida pela Uni\u00e3o aos Estados n\u00e3o vai contemplar as perdas futuras, pois as ind\u00fastrias instaladas no Nordeste por incentivo v\u00e3o voltar para a sua regi\u00e3o de origem, uma vez que o atrativo para se instalarem e permanecerem aqui \u00e9 o incentivo fiscal. &#8220;Se o Brasil tem problemas de competitividade, o Nordeste \u00e9 campe\u00e3o. Queremos menos transfer\u00eancia de renda e mais a\u00e7\u00f5es produtivas. Com essa proposta, tememos perder todos os avan\u00e7os que tivemos nos \u00faltimos 30 anos&#8221;, finaliza a presidente. <\/p>\n","protected":false},"excerpt":{"rendered":"<p>O Centro Industrial do Cear\u00e1 (CIC) se posiciona contra a proposta do Governo Federal que reforma o Imposto sobre Circula\u00e7\u00e3o de Mercadorias e Servi\u00e7os (ICMS). A proposi\u00e7\u00e3o prev\u00ea a unifica\u00e7\u00e3o em 4% da al\u00edquota interestadual do ICMS, que atualmente corresponde a 12% e 7%. Segundo a presidente do CIC, Nicolle Barbosa, a medida provis\u00f3ria fere [&hellip;]<\/p>\n","protected":false},"author":1,"featured_media":0,"comment_status":"open","ping_status":"open","sticky":false,"template":"","format":"standard","meta":{"jetpack_post_was_ever_published":false,"_jetpack_newsletter_access":"","jetpack_publicize_message":"","jetpack_is_tweetstorm":false,"jetpack_publicize_feature_enabled":true,"jetpack_social_post_already_shared":true,"jetpack_social_options":{"image_generator_settings":{"template":"highway","enabled":false}}},"categories":[],"tags":[],"jetpack_publicize_connections":[],"jetpack_featured_media_url":"","jetpack_sharing_enabled":true,"jetpack_shortlink":"https:\/\/wp.me\/p28224-Hr","jetpack_likes_enabled":true,"jetpack-related-posts":[],"amp_enabled":true,"_links":{"self":[{"href":"https:\/\/escritacontabilidade.adv.br\/blog\/wp-json\/wp\/v2\/posts\/2693"}],"collection":[{"href":"https:\/\/escritacontabilidade.adv.br\/blog\/wp-json\/wp\/v2\/posts"}],"about":[{"href":"https:\/\/escritacontabilidade.adv.br\/blog\/wp-json\/wp\/v2\/types\/post"}],"author":[{"embeddable":true,"href":"https:\/\/escritacontabilidade.adv.br\/blog\/wp-json\/wp\/v2\/users\/1"}],"replies":[{"embeddable":true,"href":"https:\/\/escritacontabilidade.adv.br\/blog\/wp-json\/wp\/v2\/comments?post=2693"}],"version-history":[{"count":1,"href":"https:\/\/escritacontabilidade.adv.br\/blog\/wp-json\/wp\/v2\/posts\/2693\/revisions"}],"predecessor-version":[{"id":2694,"href":"https:\/\/escritacontabilidade.adv.br\/blog\/wp-json\/wp\/v2\/posts\/2693\/revisions\/2694"}],"wp:attachment":[{"href":"https:\/\/escritacontabilidade.adv.br\/blog\/wp-json\/wp\/v2\/media?parent=2693"}],"wp:term":[{"taxonomy":"category","embeddable":true,"href":"https:\/\/escritacontabilidade.adv.br\/blog\/wp-json\/wp\/v2\/categories?post=2693"},{"taxonomy":"post_tag","embeddable":true,"href":"https:\/\/escritacontabilidade.adv.br\/blog\/wp-json\/wp\/v2\/tags?post=2693"}],"curies":[{"name":"wp","href":"https:\/\/api.w.org\/{rel}","templated":true}]}}