{"id":267,"date":"2011-09-22T13:32:13","date_gmt":"2011-09-22T16:32:13","guid":{"rendered":"http:\/\/escritacontabilidade.adv.br\/blog\/?p=267"},"modified":"2011-09-22T13:32:13","modified_gmt":"2011-09-22T16:32:13","slug":"senado-aprova-mp-que-reduz-impostos-sobre-tablets-fabricados-no-brasil","status":"publish","type":"post","link":"https:\/\/escritacontabilidade.adv.br\/blog\/2011\/09\/senado-aprova-mp-que-reduz-impostos-sobre-tablets-fabricados-no-brasil\/","title":{"rendered":"Senado aprova MP que reduz impostos sobre tablets fabricados no Brasil"},"content":{"rendered":"<div style=\"text-align: justify;\">O plen\u00e1rio do Senado aprovou ontem (21) a medida provis\u00f3ria (MP) que reduz os impostos sobre os computadores port\u00e1teis do tipo prancheta, conhecidos como tablets, produzidos no Brasil. O relator da mat\u00e9ria, senador Eduardo Braga (PMDB-AM), ressaltou a &#8220;urg\u00eancia&#8221; para evitar que a valoriza\u00e7\u00e3o do real acabe &#8220;agravando o desequil\u00edbrio na balan\u00e7a comercial de bens de tecnologia da informa\u00e7\u00e3o e comunica\u00e7\u00e3o&#8221;.&#8221;O grande potencial de venda, tanto no mercado interno como no externo, justifica a exig\u00eancia de fabrica\u00e7\u00e3o [dos tablets] no Brasil&#8221;, disse. &#8220;A medida melhorar\u00e1 o perfil das exporta\u00e7\u00f5es brasileiras, ainda fortemente calcadas em produtos prim\u00e1rios, e contribuir\u00e1 para o equil\u00edbrio do balan\u00e7o de transa\u00e7\u00f5es correntes&#8221;, completou.<\/p>\n<p>A proposta zera as al\u00edquotas do Programa de Integra\u00e7\u00e3o Social (PIS) e da Contribui\u00e7\u00e3o para o Financiamento da Seguridade Social (Cofins) sobre a venda dos tablets.<\/p>\n<p>Eduardo Braga ainda ressaltou as mudan\u00e7as feitas pela C\u00e2mara que, segundo ele, ajustaram o texto. Os deputados retiraram do projeto enviado pelo Executivo os pontos considerados pol\u00eamicos, como o que permite a cria\u00e7\u00e3o de subsidi\u00e1rias, no Brasil e no exterior, do Centro de Excel\u00eancia em Tecnologia Eletr\u00f4nica Avan\u00e7ada (Ceitec), empresa p\u00fablica com sede em Porto Alegre e que vai fabricar semicondutores e chips necess\u00e1rios \u00e0 produ\u00e7\u00e3o dos tablets no Brasil.<\/p>\n<p>Tamb\u00e9m foi retirada do texto a parte relativa \u00e0s mudan\u00e7as na regula\u00e7\u00e3o dos recursos da Financiadora de Estudos e Projetos (Finep). A mudan\u00e7a foi feita a partir de uma emenda acolhida parcialmente pela deputada Manuela D&#8217; \u00c1vila , relatora do projeto na C\u00e2mara, que eleva de 4,6% para 5,6% o cr\u00e9dito relativo \u00e0 Cofins na compra desses aparelhos se produzidos na Zona Franca de Manaus.<\/p>\n<p>A previs\u00e3o do governo \u00e9 que, com as desonera\u00e7\u00f5es, os tablets poder\u00e3o custar at\u00e9 36% menos na compara\u00e7\u00e3o com o similar importado.<\/p>\n<\/div>\n","protected":false},"excerpt":{"rendered":"<p>O plen\u00e1rio do Senado aprovou ontem (21) a medida provis\u00f3ria (MP) que reduz os impostos sobre os computadores port\u00e1teis do tipo prancheta, conhecidos como tablets, produzidos no Brasil. O relator da mat\u00e9ria, senador Eduardo Braga (PMDB-AM), ressaltou a &#8220;urg\u00eancia&#8221; para evitar que a valoriza\u00e7\u00e3o do real acabe &#8220;agravando o desequil\u00edbrio na balan\u00e7a comercial de bens [&hellip;]<\/p>\n","protected":false},"author":1,"featured_media":0,"comment_status":"open","ping_status":"open","sticky":false,"template":"","format":"standard","meta":{"jetpack_post_was_ever_published":false,"_jetpack_newsletter_access":"","jetpack_publicize_message":"","jetpack_is_tweetstorm":false,"jetpack_publicize_feature_enabled":true,"jetpack_social_post_already_shared":false,"jetpack_social_options":{"image_generator_settings":{"template":"highway","enabled":false}}},"categories":[],"tags":[],"jetpack_publicize_connections":[],"jetpack_featured_media_url":"","jetpack_sharing_enabled":true,"jetpack_shortlink":"https:\/\/wp.me\/p28224-4j","jetpack_likes_enabled":true,"jetpack-related-posts":[],"amp_enabled":true,"_links":{"self":[{"href":"https:\/\/escritacontabilidade.adv.br\/blog\/wp-json\/wp\/v2\/posts\/267"}],"collection":[{"href":"https:\/\/escritacontabilidade.adv.br\/blog\/wp-json\/wp\/v2\/posts"}],"about":[{"href":"https:\/\/escritacontabilidade.adv.br\/blog\/wp-json\/wp\/v2\/types\/post"}],"author":[{"embeddable":true,"href":"https:\/\/escritacontabilidade.adv.br\/blog\/wp-json\/wp\/v2\/users\/1"}],"replies":[{"embeddable":true,"href":"https:\/\/escritacontabilidade.adv.br\/blog\/wp-json\/wp\/v2\/comments?post=267"}],"version-history":[{"count":1,"href":"https:\/\/escritacontabilidade.adv.br\/blog\/wp-json\/wp\/v2\/posts\/267\/revisions"}],"predecessor-version":[{"id":268,"href":"https:\/\/escritacontabilidade.adv.br\/blog\/wp-json\/wp\/v2\/posts\/267\/revisions\/268"}],"wp:attachment":[{"href":"https:\/\/escritacontabilidade.adv.br\/blog\/wp-json\/wp\/v2\/media?parent=267"}],"wp:term":[{"taxonomy":"category","embeddable":true,"href":"https:\/\/escritacontabilidade.adv.br\/blog\/wp-json\/wp\/v2\/categories?post=267"},{"taxonomy":"post_tag","embeddable":true,"href":"https:\/\/escritacontabilidade.adv.br\/blog\/wp-json\/wp\/v2\/tags?post=267"}],"curies":[{"name":"wp","href":"https:\/\/api.w.org\/{rel}","templated":true}]}}