{"id":2545,"date":"2013-02-13T13:30:45","date_gmt":"2013-02-13T15:30:45","guid":{"rendered":"http:\/\/escritacontabilidade.adv.br\/blog\/?p=2545"},"modified":"2013-02-13T13:30:45","modified_gmt":"2013-02-13T15:30:45","slug":"projeto-cria-parcelas-dedutiveis-do-valor-pago-por-empresas-do-supersimples","status":"publish","type":"post","link":"https:\/\/escritacontabilidade.adv.br\/blog\/2013\/02\/projeto-cria-parcelas-dedutiveis-do-valor-pago-por-empresas-do-supersimples\/","title":{"rendered":"Projeto cria parcelas dedut\u00edveis do valor pago por empresas do Supersimples"},"content":{"rendered":"<p>(Not\u00edcias FENACON)<\/p>\n<p>Data: 11\/02\/2013<br \/>\nA C\u00e2mara analisa o Projeto de Lei Complementar 221\/12, do deputado Vaz de Lima (PSDB-SP), que cria parcelas dedut\u00edveis do valor devido mensalmente por empresas pertencentes ao Simples Nacional, tamb\u00e9m conhecido como Supersimples. A proposta altera a Lei Geral da Micro e Pequena Empresa (Lei Complementar 123\/06). De acordo com o texto, as parcelas dedut\u00edveis variar\u00e3o conforme a faixa de renda da empresa.<\/p>\n<p>O projeto acrescenta os valores das parcelas dedut\u00edveis \u00e0s tabelas contendo as al\u00edquotas do Simples, constantes nos anexos da Lei da Micro e Pequena Empresa. Nessas tabelas, s\u00e3o definidas 20 faixas de renda para cada ramo de atividade exercido pela empresa (com\u00e9rcio, ind\u00fastria, loca\u00e7\u00e3o de bens m\u00f3veis ou presta\u00e7\u00e3o de servi\u00e7os), com al\u00edquotas crescentes: quanto maior a receita, maior \u00e9 a al\u00edquota aplicada para pagamento do Simples.<\/p>\n<p>C\u00e1lculo atual<br \/>\nO deputado Vaz de Lima aponta, por\u00e9m, que s\u00e3o necess\u00e1rias altera\u00e7\u00f5es na sistem\u00e1tica de c\u00e1lculo do valor devido. &#8220;Ocorre que, ao elevar a sua receita bruta e ser tributada pela al\u00edquota correspondente \u00e0 nova faixa de renda, a empresa contribui com o percentual majorado sobre todo o montante, mesmo que o acr\u00e9scimo que a levou para a nova tributa\u00e7\u00e3o tenha sido de apenas R$ 1&#8221;, afirma.<\/p>\n<p>Ele cita o exemplo de uma empresa do ramo do com\u00e9rcio que fature R$ 180 mil por ano. &#8220;Nesse caso, ela estaria enquadrada na al\u00edquota de 4% e pagaria R$ 7,2 mil de tributos durante o per\u00edodo. Se essa mesma pessoa jur\u00eddica faturar R$ 1 a mais, ter\u00e1 a tributa\u00e7\u00e3o elevada para 5,47% sobre todos seus rendimentos e dever\u00e1 pagar R$ 9,8 mil. Ou seja, acr\u00e9scimo de mais de 36% no valor recolhido&#8221;.<\/p>\n<p>Ao criar parcelas dedut\u00edveis do valor devido mensalmente, o parlamentar visa expurgar desse montante a quantia referente \u00e0 incid\u00eancia de al\u00edquotas superiores sobre faixas inferiores de renda. &#8220;Desse modo, pretendemos agregar maior progressividade e mais justi\u00e7a ao Regime do Simples Nacional&#8221;, argumenta.<\/p>\n<p>O projeto estabelece ainda que o Poder Executivo estimar\u00e1 o montante da ren\u00fancia fiscal decorrente da medida e o incluir\u00e1 no projeto de lei or\u00e7ament\u00e1ria apresentado ap\u00f3s a publica\u00e7\u00e3o da lei complementar, se a proposta for aprovada.<\/p>\n<p>Tramita\u00e7\u00e3o<br \/>\nA proposta tramita em regime de prioridade e ser\u00e1 analisada pelas comiss\u00f5es de Desenvolvimento Econ\u00f4mico, Ind\u00fastria e Com\u00e9rcio; de Finan\u00e7as e Tributa\u00e7\u00e3o; de Constitui\u00e7\u00e3o e Justi\u00e7a e de Cidadania; e, em seguida, pelo Plen\u00e1rio.<\/p>\n","protected":false},"excerpt":{"rendered":"<p>(Not\u00edcias FENACON) Data: 11\/02\/2013 A C\u00e2mara analisa o Projeto de Lei Complementar 221\/12, do deputado Vaz de Lima (PSDB-SP), que cria parcelas dedut\u00edveis do valor devido mensalmente por empresas pertencentes ao Simples Nacional, tamb\u00e9m conhecido como Supersimples. A proposta altera a Lei Geral da Micro e Pequena Empresa (Lei Complementar 123\/06). De acordo com o [&hellip;]<\/p>\n","protected":false},"author":1,"featured_media":0,"comment_status":"open","ping_status":"open","sticky":false,"template":"","format":"standard","meta":{"jetpack_post_was_ever_published":false,"_jetpack_newsletter_access":"","jetpack_publicize_message":"","jetpack_is_tweetstorm":false,"jetpack_publicize_feature_enabled":true,"jetpack_social_post_already_shared":true,"jetpack_social_options":{"image_generator_settings":{"template":"highway","enabled":false}}},"categories":[],"tags":[],"jetpack_publicize_connections":[],"jetpack_featured_media_url":"","jetpack_sharing_enabled":true,"jetpack_shortlink":"https:\/\/wp.me\/p28224-F3","jetpack_likes_enabled":true,"jetpack-related-posts":[],"amp_enabled":true,"_links":{"self":[{"href":"https:\/\/escritacontabilidade.adv.br\/blog\/wp-json\/wp\/v2\/posts\/2545"}],"collection":[{"href":"https:\/\/escritacontabilidade.adv.br\/blog\/wp-json\/wp\/v2\/posts"}],"about":[{"href":"https:\/\/escritacontabilidade.adv.br\/blog\/wp-json\/wp\/v2\/types\/post"}],"author":[{"embeddable":true,"href":"https:\/\/escritacontabilidade.adv.br\/blog\/wp-json\/wp\/v2\/users\/1"}],"replies":[{"embeddable":true,"href":"https:\/\/escritacontabilidade.adv.br\/blog\/wp-json\/wp\/v2\/comments?post=2545"}],"version-history":[{"count":1,"href":"https:\/\/escritacontabilidade.adv.br\/blog\/wp-json\/wp\/v2\/posts\/2545\/revisions"}],"predecessor-version":[{"id":2546,"href":"https:\/\/escritacontabilidade.adv.br\/blog\/wp-json\/wp\/v2\/posts\/2545\/revisions\/2546"}],"wp:attachment":[{"href":"https:\/\/escritacontabilidade.adv.br\/blog\/wp-json\/wp\/v2\/media?parent=2545"}],"wp:term":[{"taxonomy":"category","embeddable":true,"href":"https:\/\/escritacontabilidade.adv.br\/blog\/wp-json\/wp\/v2\/categories?post=2545"},{"taxonomy":"post_tag","embeddable":true,"href":"https:\/\/escritacontabilidade.adv.br\/blog\/wp-json\/wp\/v2\/tags?post=2545"}],"curies":[{"name":"wp","href":"https:\/\/api.w.org\/{rel}","templated":true}]}}