{"id":2543,"date":"2013-02-13T13:23:11","date_gmt":"2013-02-13T15:23:11","guid":{"rendered":"http:\/\/escritacontabilidade.adv.br\/blog\/?p=2543"},"modified":"2013-02-13T13:23:11","modified_gmt":"2013-02-13T15:23:11","slug":"mte-atualiza-60-ocupacoes-na-cbo","status":"publish","type":"post","link":"https:\/\/escritacontabilidade.adv.br\/blog\/2013\/02\/mte-atualiza-60-ocupacoes-na-cbo\/","title":{"rendered":"MTE atualiza 60 ocupa\u00e7\u00f5es na CBO"},"content":{"rendered":"<p>(Not\u00edcias MTE)<\/p>\n<p>Data: 13\/02\/2013<br \/>\nO documento retrata a realidade das profiss\u00f5es do mercado de trabalho brasileiro<\/p>\n<p>O Minist\u00e9rio do Trabalho e Emprego (MTE) divulgou a atualiza\u00e7\u00e3o da Classifica\u00e7\u00e3o Brasileira de Ocupa\u00e7\u00f5es (CBO). A revis\u00e3o contou com a inclus\u00e3o e exclus\u00e3o de 60 ocupa\u00e7\u00f5es, fam\u00edlias ocupacionais e sinon\u00edmias. O arquivo passa a conter agora 2.619 ocupa\u00e7\u00f5es. Clique aqui para conferir.<\/p>\n<p>&#8220;Os trabalhadores sentem-se amparados e valorizados ao terem acesso a um documento elaborado pelo governo que identifica e reconhece seu of\u00edcio. As inclus\u00f5es das ocupa\u00e7\u00f5es na CBO t\u00eam gerado, tanto para categorias profissionais quanto para os trabalhadores, uma maior visibilidade, um sentimento de valoriza\u00e7\u00e3o e de inclus\u00e3o social&#8221;, destaca o diretor do Departamento de Emprego e Sal\u00e1rio do MTE, Rodolfo Torelly.<\/p>\n<p>As novas atualiza\u00e7\u00f5es buscam atender as demandas do p\u00fablico em geral e entidades governamentais como: Minist\u00e9rio da Sa\u00fade; do Desenvolvimento Social; do Turismo; Secret\u00e1ria de Direitos Humanos; Policia Federal; Classifica\u00e7\u00e3o Internacional Uniforme de Ocupa\u00e7\u00f5es (CIUO) da Organiza\u00e7\u00e3o Internacional do Trabalho; entre outros.<\/p>\n<p>A CBO retrata a realidade das profiss\u00f5es do mercado de trabalho brasileiro. A atualiza\u00e7\u00e3o e moderniza\u00e7\u00e3o do documento ocorrem para acompanhar o dinamismo das ocupa\u00e7\u00f5es e mudan\u00e7as econ\u00f4micas, sociais e culturais pelas quais o pa\u00eds passa. Essas modifica\u00e7\u00f5es e inclus\u00f5es s\u00e3o elaboradas com a participa\u00e7\u00e3o efetiva de representantes dos profissionais de cada \u00e1rea, em todo o pa\u00eds.<\/p>\n<p>Aplica\u00e7\u00e3o &#8211; A CBO \u00e9 utilizada pelo MTE na confec\u00e7\u00e3o da Rela\u00e7\u00e3o Anual de Informa\u00e7\u00f5es Sociais (Rais), no Cadastro Geral de Empregados e Desempregados (Caged), no cruzamento de dados do Seguro-Desemprego e na formula\u00e7\u00e3o de pol\u00edticas p\u00fablicas de gera\u00e7\u00e3o de emprego e renda.<\/p>\n<p>Outras institui\u00e7\u00f5es governamentais utilizam a CBO para seus produtos, como a Declara\u00e7\u00e3o de Imposto de Renda, o cadastramento no INSS, em pol\u00edticas p\u00fablicas de Sa\u00fade, no Censo Educacional e em pesquisas do Instituto Brasileiro de Geografia e Estat\u00edstica (IBGE).<\/p>\n","protected":false},"excerpt":{"rendered":"<p>(Not\u00edcias MTE) Data: 13\/02\/2013 O documento retrata a realidade das profiss\u00f5es do mercado de trabalho brasileiro O Minist\u00e9rio do Trabalho e Emprego (MTE) divulgou a atualiza\u00e7\u00e3o da Classifica\u00e7\u00e3o Brasileira de Ocupa\u00e7\u00f5es (CBO). A revis\u00e3o contou com a inclus\u00e3o e exclus\u00e3o de 60 ocupa\u00e7\u00f5es, fam\u00edlias ocupacionais e sinon\u00edmias. O arquivo passa a conter agora 2.619 ocupa\u00e7\u00f5es. [&hellip;]<\/p>\n","protected":false},"author":1,"featured_media":0,"comment_status":"open","ping_status":"open","sticky":false,"template":"","format":"standard","meta":{"jetpack_post_was_ever_published":false,"_jetpack_newsletter_access":"","jetpack_publicize_message":"","jetpack_is_tweetstorm":false,"jetpack_publicize_feature_enabled":true,"jetpack_social_post_already_shared":true,"jetpack_social_options":{"image_generator_settings":{"template":"highway","enabled":false}}},"categories":[],"tags":[],"jetpack_publicize_connections":[],"jetpack_featured_media_url":"","jetpack_sharing_enabled":true,"jetpack_shortlink":"https:\/\/wp.me\/p28224-F1","jetpack_likes_enabled":true,"jetpack-related-posts":[],"amp_enabled":true,"_links":{"self":[{"href":"https:\/\/escritacontabilidade.adv.br\/blog\/wp-json\/wp\/v2\/posts\/2543"}],"collection":[{"href":"https:\/\/escritacontabilidade.adv.br\/blog\/wp-json\/wp\/v2\/posts"}],"about":[{"href":"https:\/\/escritacontabilidade.adv.br\/blog\/wp-json\/wp\/v2\/types\/post"}],"author":[{"embeddable":true,"href":"https:\/\/escritacontabilidade.adv.br\/blog\/wp-json\/wp\/v2\/users\/1"}],"replies":[{"embeddable":true,"href":"https:\/\/escritacontabilidade.adv.br\/blog\/wp-json\/wp\/v2\/comments?post=2543"}],"version-history":[{"count":1,"href":"https:\/\/escritacontabilidade.adv.br\/blog\/wp-json\/wp\/v2\/posts\/2543\/revisions"}],"predecessor-version":[{"id":2544,"href":"https:\/\/escritacontabilidade.adv.br\/blog\/wp-json\/wp\/v2\/posts\/2543\/revisions\/2544"}],"wp:attachment":[{"href":"https:\/\/escritacontabilidade.adv.br\/blog\/wp-json\/wp\/v2\/media?parent=2543"}],"wp:term":[{"taxonomy":"category","embeddable":true,"href":"https:\/\/escritacontabilidade.adv.br\/blog\/wp-json\/wp\/v2\/categories?post=2543"},{"taxonomy":"post_tag","embeddable":true,"href":"https:\/\/escritacontabilidade.adv.br\/blog\/wp-json\/wp\/v2\/tags?post=2543"}],"curies":[{"name":"wp","href":"https:\/\/api.w.org\/{rel}","templated":true}]}}