{"id":2502,"date":"2013-01-31T17:27:17","date_gmt":"2013-01-31T19:27:17","guid":{"rendered":"http:\/\/escritacontabilidade.adv.br\/blog\/?p=2502"},"modified":"2013-01-31T17:27:28","modified_gmt":"2013-01-31T19:27:28","slug":"nf-e-declarar-lucro-de-transacao-em-nota-fiscal-viola-direitos-do-importador","status":"publish","type":"post","link":"https:\/\/escritacontabilidade.adv.br\/blog\/2013\/01\/nf-e-declarar-lucro-de-transacao-em-nota-fiscal-viola-direitos-do-importador\/","title":{"rendered":"NF-e: Declarar lucro de transa\u00e7\u00e3o em nota fiscal viola direitos do importador"},"content":{"rendered":"<p>O desembargador substituto Rodolfo Tridapalli atendeu pedido de uma empresa t\u00eaxtil e a desobrigou de cumprir exig\u00eancia do Sinief (Sistema Nacional de Informa\u00e7\u00f5es Econ\u00f4micas e Fiscais) que obriga todo importador a revelar a margem de lucro em opera\u00e7\u00f5es comerciais, diretamente na nota fiscal de sa\u00edda nas opera\u00e7\u00f5es com produtos importados.<\/p>\n<p>O \u00f3rg\u00e3o seguiu orienta\u00e7\u00e3o do Minist\u00e9rio da Fazenda, que, por sua vez, observou a Resolu\u00e7\u00e3o 13 do Senado Federal, de 25 de abril de 2012. Esta estabeleceu a al\u00edquota do ICMS de 4% nas opera\u00e7\u00f5es interestaduais com bens e mercadorias importados que, ap\u00f3s o seu desembara\u00e7o aduaneiro, n\u00e3o tenham sido submetidos a processo de industrializa\u00e7\u00e3o ou, ainda que resultem em mercadorias ou bens industrializados, tenham conte\u00fado de importa\u00e7\u00e3o superior a 40%.<\/p>\n<p>O magistrado anotou que \u201co Governo Federal, ao alterar a al\u00edquota interestadual para importados, visa primordialmente acabar com a \u2018guerra dos portos\u2019, de modo a reduzir o efeito dos benef\u00edcios fiscais concedidos por Estados da Federa\u00e7\u00e3o para atra\u00e7\u00e3o de empresas e maior volume de neg\u00f3cios em seu territ\u00f3rio.\u201d O Sinief, seguindo orienta\u00e7\u00e3o do Minist\u00e9rio da Fazenda, expediu o Ajuste n. 19, que definiu os procedimentos que os contribuintes devem adotar nas opera\u00e7\u00f5es interestaduais com bens e adaptando-se \u00e0 altera\u00e7\u00e3o que atingiu os importadores.<\/p>\n<p>Tridapalli acrescentou que a quest\u00e3o cinge-se exatamente \u00e0 obriga\u00e7\u00e3o de o importador revelar, expressamente na nota fiscal de sa\u00edda, a margem de lucro em opera\u00e7\u00f5es comerciais. Para o magistrado, existe, nesta imposi\u00e7\u00e3o, uma \u201cviola\u00e7\u00e3o do necess\u00e1rio sigilo de dados fiscais e do neg\u00f3cio, al\u00e9m da isonomia, livre concorr\u00eancia e livre iniciativa privada\u201d. A mat\u00e9ria ainda ser\u00e1 analisada pelo \u00f3rg\u00e3o fracion\u00e1rio do Tribunal de Justi\u00e7a catarinense competente para o julgamento do m\u00e9rito do agravo (AI n. 2013.002483-5).<\/p>\n","protected":false},"excerpt":{"rendered":"<p>O desembargador substituto Rodolfo Tridapalli atendeu pedido de uma empresa t\u00eaxtil e a desobrigou de cumprir exig\u00eancia do Sinief (Sistema Nacional de Informa\u00e7\u00f5es Econ\u00f4micas e Fiscais) que obriga todo importador a revelar a margem de lucro em opera\u00e7\u00f5es comerciais, diretamente na nota fiscal de sa\u00edda nas opera\u00e7\u00f5es com produtos importados. O \u00f3rg\u00e3o seguiu orienta\u00e7\u00e3o do [&hellip;]<\/p>\n","protected":false},"author":1,"featured_media":0,"comment_status":"open","ping_status":"open","sticky":false,"template":"","format":"standard","meta":{"jetpack_post_was_ever_published":false,"_jetpack_newsletter_access":"","jetpack_publicize_message":"","jetpack_is_tweetstorm":false,"jetpack_publicize_feature_enabled":true,"jetpack_social_post_already_shared":true,"jetpack_social_options":{"image_generator_settings":{"template":"highway","enabled":false}}},"categories":[],"tags":[],"jetpack_publicize_connections":[],"jetpack_featured_media_url":"","jetpack_sharing_enabled":true,"jetpack_shortlink":"https:\/\/wp.me\/p28224-Em","jetpack_likes_enabled":true,"jetpack-related-posts":[],"amp_enabled":true,"_links":{"self":[{"href":"https:\/\/escritacontabilidade.adv.br\/blog\/wp-json\/wp\/v2\/posts\/2502"}],"collection":[{"href":"https:\/\/escritacontabilidade.adv.br\/blog\/wp-json\/wp\/v2\/posts"}],"about":[{"href":"https:\/\/escritacontabilidade.adv.br\/blog\/wp-json\/wp\/v2\/types\/post"}],"author":[{"embeddable":true,"href":"https:\/\/escritacontabilidade.adv.br\/blog\/wp-json\/wp\/v2\/users\/1"}],"replies":[{"embeddable":true,"href":"https:\/\/escritacontabilidade.adv.br\/blog\/wp-json\/wp\/v2\/comments?post=2502"}],"version-history":[{"count":2,"href":"https:\/\/escritacontabilidade.adv.br\/blog\/wp-json\/wp\/v2\/posts\/2502\/revisions"}],"predecessor-version":[{"id":2504,"href":"https:\/\/escritacontabilidade.adv.br\/blog\/wp-json\/wp\/v2\/posts\/2502\/revisions\/2504"}],"wp:attachment":[{"href":"https:\/\/escritacontabilidade.adv.br\/blog\/wp-json\/wp\/v2\/media?parent=2502"}],"wp:term":[{"taxonomy":"category","embeddable":true,"href":"https:\/\/escritacontabilidade.adv.br\/blog\/wp-json\/wp\/v2\/categories?post=2502"},{"taxonomy":"post_tag","embeddable":true,"href":"https:\/\/escritacontabilidade.adv.br\/blog\/wp-json\/wp\/v2\/tags?post=2502"}],"curies":[{"name":"wp","href":"https:\/\/api.w.org\/{rel}","templated":true}]}}