{"id":2482,"date":"2013-01-30T16:41:16","date_gmt":"2013-01-30T18:41:16","guid":{"rendered":"http:\/\/escritacontabilidade.adv.br\/blog\/?p=2482"},"modified":"2013-01-30T16:41:16","modified_gmt":"2013-01-30T18:41:16","slug":"prepare-se-para-a-mordida-do-leao","status":"publish","type":"post","link":"https:\/\/escritacontabilidade.adv.br\/blog\/2013\/01\/prepare-se-para-a-mordida-do-leao\/","title":{"rendered":"Prepare-se para a mordida do Le\u00e3o"},"content":{"rendered":"<p>Daqui a um m\u00eas &#8211; de 1\u00ba de mar\u00e7o a 30 de abril &#8211; estar\u00e1 aberto o per\u00edodo para enviar para a Receita Federal a declara\u00e7\u00e3o de imposto de renda pessoa f\u00edsica 2013, com ano de exerc\u00edcio 2012. Para evitar que aconte\u00e7a o mais comum &#8211; todo ano grande parte dos contribuintes se atrasam &#8211; contadores alertam para um cuidado antecipado na reuni\u00e3o dos documentos, principalmente no caso da declara\u00e7\u00e3o completa.<\/p>\n<p>Para a comprova\u00e7\u00e3o de rendimentos, \u00e9 preciso ter uma declara\u00e7\u00e3o dos bancos a respeito da movimenta\u00e7\u00e3o da conta-corrente, poupan\u00e7a e aplica\u00e7\u00f5es financeiras, al\u00e9m do contra-cheque para quem tem um emprego formal, com carteira assinada. &#8220;Empresas e bancos t\u00eam obriga\u00e7\u00e3o de enviar um relat\u00f3rio sobre isso, mas, se n\u00e3o enviaram at\u00e9 agora, \u00e9 hora de cobrar para n\u00e3o ter que ficar correndo atr\u00e1s disso depois&#8221;, alerta o contador Fl\u00e1vio Abreu, do escrit\u00f3rio Adjutos Assessoria Cont\u00e1bil.<\/p>\n<p>Ainda em rela\u00e7\u00e3o \u00e0 comprova\u00e7\u00e3o de renda, Abreu destaca a import\u00e2ncia de se verificar a evolu\u00e7\u00e3o patrimonial. &#8220;Im\u00f3veis podem se valorizar de um ano para o outro, ou pode ter ocorrido a venda de algum im\u00f3vel, tudo isso tem que entrar na declara\u00e7\u00e3o&#8221;, observa.<\/p>\n<p>O vice-presidente de Administra\u00e7\u00e3o e Planejamento do Conselho Regional de Contabilidade de Minas Gerais, Marco Aur\u00e9lio Cunha de Almeida, acrescenta: &#8220;Muitos caem na malha fina por deixarem de incluir rendimentos como alugu\u00e9is e servi\u00e7os prestados como aut\u00f4nomo. At\u00e9 a pens\u00e3o aliment\u00edcia precisa ser declarada&#8221;, adverte.<\/p>\n<p>Valores. Quem recebeu abaixo de R$ 19.645,32 em 2012 est\u00e1 desobrigado de declarar o imposto de renda. Para quem recebeu mais do que isso e vai declarar, e se o total das dedu\u00e7\u00f5es a serem feitas com educa\u00e7\u00e3o e sa\u00fade exceder o limite de R$ 14.542,60, a melhor op\u00e7\u00e3o \u00e9 fazer a declara\u00e7\u00e3o completa.<\/p>\n<p>A\u00ed \u00e9 preciso juntar comprovantes de pagamento de escola, plano de sa\u00fade e despesas m\u00e9dicas. &#8220;Quanto antes for entregue a declara\u00e7\u00e3o, mais r\u00e1pido sair\u00e1 a restitui\u00e7\u00e3o. Por outro lado, a restitui\u00e7\u00e3o que demorar a chegar ter\u00e1 o valor corrigido. E para quem tem restitui\u00e7\u00e3o de imposto retida na fonte, \u00e9 importante fazer a declara\u00e7\u00e3o, mesmo se isento, para receber o valor devido&#8221;, orienta Fl\u00e1vio Abreu.<\/p>\n","protected":false},"excerpt":{"rendered":"<p>Daqui a um m\u00eas &#8211; de 1\u00ba de mar\u00e7o a 30 de abril &#8211; estar\u00e1 aberto o per\u00edodo para enviar para a Receita Federal a declara\u00e7\u00e3o de imposto de renda pessoa f\u00edsica 2013, com ano de exerc\u00edcio 2012. Para evitar que aconte\u00e7a o mais comum &#8211; todo ano grande parte dos contribuintes se atrasam &#8211; [&hellip;]<\/p>\n","protected":false},"author":1,"featured_media":0,"comment_status":"open","ping_status":"open","sticky":false,"template":"","format":"standard","meta":{"jetpack_post_was_ever_published":false,"_jetpack_newsletter_access":"","jetpack_publicize_message":"","jetpack_is_tweetstorm":false,"jetpack_publicize_feature_enabled":true,"jetpack_social_post_already_shared":true,"jetpack_social_options":{"image_generator_settings":{"template":"highway","enabled":false}}},"categories":[],"tags":[],"jetpack_publicize_connections":[],"jetpack_featured_media_url":"","jetpack_sharing_enabled":true,"jetpack_shortlink":"https:\/\/wp.me\/p28224-E2","jetpack_likes_enabled":true,"jetpack-related-posts":[],"amp_enabled":true,"_links":{"self":[{"href":"https:\/\/escritacontabilidade.adv.br\/blog\/wp-json\/wp\/v2\/posts\/2482"}],"collection":[{"href":"https:\/\/escritacontabilidade.adv.br\/blog\/wp-json\/wp\/v2\/posts"}],"about":[{"href":"https:\/\/escritacontabilidade.adv.br\/blog\/wp-json\/wp\/v2\/types\/post"}],"author":[{"embeddable":true,"href":"https:\/\/escritacontabilidade.adv.br\/blog\/wp-json\/wp\/v2\/users\/1"}],"replies":[{"embeddable":true,"href":"https:\/\/escritacontabilidade.adv.br\/blog\/wp-json\/wp\/v2\/comments?post=2482"}],"version-history":[{"count":1,"href":"https:\/\/escritacontabilidade.adv.br\/blog\/wp-json\/wp\/v2\/posts\/2482\/revisions"}],"predecessor-version":[{"id":2483,"href":"https:\/\/escritacontabilidade.adv.br\/blog\/wp-json\/wp\/v2\/posts\/2482\/revisions\/2483"}],"wp:attachment":[{"href":"https:\/\/escritacontabilidade.adv.br\/blog\/wp-json\/wp\/v2\/media?parent=2482"}],"wp:term":[{"taxonomy":"category","embeddable":true,"href":"https:\/\/escritacontabilidade.adv.br\/blog\/wp-json\/wp\/v2\/categories?post=2482"},{"taxonomy":"post_tag","embeddable":true,"href":"https:\/\/escritacontabilidade.adv.br\/blog\/wp-json\/wp\/v2\/tags?post=2482"}],"curies":[{"name":"wp","href":"https:\/\/api.w.org\/{rel}","templated":true}]}}