{"id":2439,"date":"2013-01-22T18:22:25","date_gmt":"2013-01-22T20:22:25","guid":{"rendered":"http:\/\/escritacontabilidade.adv.br\/blog\/?p=2439"},"modified":"2013-01-22T18:22:25","modified_gmt":"2013-01-22T20:22:25","slug":"receita-federal-dispensa-a-entrega-do-dacon-para-as-pessoas-juridicas-tributadas-pelo-lucro-presumido","status":"publish","type":"post","link":"https:\/\/escritacontabilidade.adv.br\/blog\/2013\/01\/receita-federal-dispensa-a-entrega-do-dacon-para-as-pessoas-juridicas-tributadas-pelo-lucro-presumido\/","title":{"rendered":"Receita Federal dispensa a entrega do Dacon para as Pessoas Jur\u00eddicas tributadas pelo Lucro Presumido"},"content":{"rendered":"<p>A Receita Federal editou a Instru\u00e7\u00e3o Normativa RFB n\u00ba 1.305, de 26.12.2012, dispensando da entrega do Demonstrativo de Apura\u00e7\u00e3o de Contribui\u00e7\u00f5es Sociais (Dacon) relativo a fatos geradores ocorridos a partir 1\u00ba de janeiro de 2013, para as pessoas jur\u00eddicas tributadas pelo imposto sobre a renda, no ano-calend\u00e1rio de 2013, com base no lucro presumido ou arbitrado. A partir de 1\u00ba de janeiro de 2013, estas pessoas jur\u00eddicas ficam obrigadas, unicamente, \u00e0 entrega da EFD-Contribui\u00e7\u00f5es, cuja escritura\u00e7\u00e3o referente ao primeiro m\u00eas de obrigatoriedade (janeiro\/2013), deve ser transmitida at\u00e9 o 10\u00ba dia \u00fatil do m\u00eas de mar\u00e7o de 2013.<\/p>\n<p>A referida instru\u00e7\u00e3o normativa estabeleceu tamb\u00e9m que a pessoa jur\u00eddica tributada pelo lucro presumido ou arbitrado, sujeita \u00e0 Contribui\u00e7\u00e3o Previdenci\u00e1ria sobre a Receita Bruta, nos termos dos arts. 7\u00ba e 8\u00ba da Lei n\u00ba 12.546, de 2011, poder\u00e1 excepcionalmente efetuar a transmiss\u00e3o da EFD-Contribui\u00e7\u00f5es com a escritura\u00e7\u00e3o unicamente desta contribui\u00e7\u00e3o previdenci\u00e1ria (Bloco P da EFD-Contribui\u00e7\u00f5es), relativos aos per\u00edodos mensais do ano de 2012, at\u00e9 o 10\u00ba dia \u00fatil de fevereiro de 2013.<\/p>\n","protected":false},"excerpt":{"rendered":"<p>A Receita Federal editou a Instru\u00e7\u00e3o Normativa RFB n\u00ba 1.305, de 26.12.2012, dispensando da entrega do Demonstrativo de Apura\u00e7\u00e3o de Contribui\u00e7\u00f5es Sociais (Dacon) relativo a fatos geradores ocorridos a partir 1\u00ba de janeiro de 2013, para as pessoas jur\u00eddicas tributadas pelo imposto sobre a renda, no ano-calend\u00e1rio de 2013, com base no lucro presumido ou [&hellip;]<\/p>\n","protected":false},"author":1,"featured_media":0,"comment_status":"open","ping_status":"open","sticky":false,"template":"","format":"standard","meta":{"jetpack_post_was_ever_published":false,"_jetpack_newsletter_access":"","jetpack_publicize_message":"","jetpack_is_tweetstorm":false,"jetpack_publicize_feature_enabled":true,"jetpack_social_post_already_shared":true,"jetpack_social_options":{"image_generator_settings":{"template":"highway","enabled":false}}},"categories":[],"tags":[],"jetpack_publicize_connections":[],"jetpack_featured_media_url":"","jetpack_sharing_enabled":true,"jetpack_shortlink":"https:\/\/wp.me\/p28224-Dl","jetpack_likes_enabled":true,"jetpack-related-posts":[],"amp_enabled":true,"_links":{"self":[{"href":"https:\/\/escritacontabilidade.adv.br\/blog\/wp-json\/wp\/v2\/posts\/2439"}],"collection":[{"href":"https:\/\/escritacontabilidade.adv.br\/blog\/wp-json\/wp\/v2\/posts"}],"about":[{"href":"https:\/\/escritacontabilidade.adv.br\/blog\/wp-json\/wp\/v2\/types\/post"}],"author":[{"embeddable":true,"href":"https:\/\/escritacontabilidade.adv.br\/blog\/wp-json\/wp\/v2\/users\/1"}],"replies":[{"embeddable":true,"href":"https:\/\/escritacontabilidade.adv.br\/blog\/wp-json\/wp\/v2\/comments?post=2439"}],"version-history":[{"count":1,"href":"https:\/\/escritacontabilidade.adv.br\/blog\/wp-json\/wp\/v2\/posts\/2439\/revisions"}],"predecessor-version":[{"id":2440,"href":"https:\/\/escritacontabilidade.adv.br\/blog\/wp-json\/wp\/v2\/posts\/2439\/revisions\/2440"}],"wp:attachment":[{"href":"https:\/\/escritacontabilidade.adv.br\/blog\/wp-json\/wp\/v2\/media?parent=2439"}],"wp:term":[{"taxonomy":"category","embeddable":true,"href":"https:\/\/escritacontabilidade.adv.br\/blog\/wp-json\/wp\/v2\/categories?post=2439"},{"taxonomy":"post_tag","embeddable":true,"href":"https:\/\/escritacontabilidade.adv.br\/blog\/wp-json\/wp\/v2\/tags?post=2439"}],"curies":[{"name":"wp","href":"https:\/\/api.w.org\/{rel}","templated":true}]}}