{"id":2360,"date":"2013-01-08T17:43:34","date_gmt":"2013-01-08T19:43:34","guid":{"rendered":"http:\/\/escritacontabilidade.adv.br\/blog\/?p=2360"},"modified":"2013-01-08T17:43:34","modified_gmt":"2013-01-08T19:43:34","slug":"dasn-simei-e-pgmei-2013-ja-estao-disponiveis","status":"publish","type":"post","link":"https:\/\/escritacontabilidade.adv.br\/blog\/2013\/01\/dasn-simei-e-pgmei-2013-ja-estao-disponiveis\/","title":{"rendered":"DASN-SIMEI e PGMEI 2013 j\u00e1 est\u00e3o dispon\u00edveis"},"content":{"rendered":"<p>O Programa Gerador de DAS do Microempreendedor Individual (PGMEI 2013) tamb\u00e9m est\u00e1 dispon\u00edvel.<br \/>\nA Secretaria Executiva do Comit\u00ea Gestor do Simples Nacional informa  que j\u00e1 est\u00e1 dispon\u00edvel a Declara\u00e7\u00e3o Anual do Simples Nacional do Microempreendedor Individual (DASN-SIMEI) relativa ao ano calend\u00e1rio 2012. O Programa Gerador de DAS do Microempreendedor Individual (PGMEI 2013) tamb\u00e9m est\u00e1 dispon\u00edvel.<\/p>\n<p>O comit\u00ea destaca ainda que os contribuintes n\u00e3o devem utilizar a DASN-SIMEI de Situa\u00e7\u00e3o Especial, porque ela \u00e9 destinada apenas \u00e0s alternativas de baixa.<\/p>\n","protected":false},"excerpt":{"rendered":"<p>O Programa Gerador de DAS do Microempreendedor Individual (PGMEI 2013) tamb\u00e9m est\u00e1 dispon\u00edvel. A Secretaria Executiva do Comit\u00ea Gestor do Simples Nacional informa que j\u00e1 est\u00e1 dispon\u00edvel a Declara\u00e7\u00e3o Anual do Simples Nacional do Microempreendedor Individual (DASN-SIMEI) relativa ao ano calend\u00e1rio 2012. O Programa Gerador de DAS do Microempreendedor Individual (PGMEI 2013) tamb\u00e9m est\u00e1 dispon\u00edvel. [&hellip;]<\/p>\n","protected":false},"author":1,"featured_media":0,"comment_status":"open","ping_status":"open","sticky":false,"template":"","format":"standard","meta":{"jetpack_post_was_ever_published":false,"_jetpack_newsletter_access":"","jetpack_publicize_message":"","jetpack_is_tweetstorm":false,"jetpack_publicize_feature_enabled":true,"jetpack_social_post_already_shared":false,"jetpack_social_options":{"image_generator_settings":{"template":"highway","enabled":false}}},"categories":[],"tags":[],"jetpack_publicize_connections":[],"jetpack_featured_media_url":"","jetpack_sharing_enabled":true,"jetpack_shortlink":"https:\/\/wp.me\/p28224-C4","jetpack_likes_enabled":true,"jetpack-related-posts":[],"amp_enabled":true,"_links":{"self":[{"href":"https:\/\/escritacontabilidade.adv.br\/blog\/wp-json\/wp\/v2\/posts\/2360"}],"collection":[{"href":"https:\/\/escritacontabilidade.adv.br\/blog\/wp-json\/wp\/v2\/posts"}],"about":[{"href":"https:\/\/escritacontabilidade.adv.br\/blog\/wp-json\/wp\/v2\/types\/post"}],"author":[{"embeddable":true,"href":"https:\/\/escritacontabilidade.adv.br\/blog\/wp-json\/wp\/v2\/users\/1"}],"replies":[{"embeddable":true,"href":"https:\/\/escritacontabilidade.adv.br\/blog\/wp-json\/wp\/v2\/comments?post=2360"}],"version-history":[{"count":1,"href":"https:\/\/escritacontabilidade.adv.br\/blog\/wp-json\/wp\/v2\/posts\/2360\/revisions"}],"predecessor-version":[{"id":2361,"href":"https:\/\/escritacontabilidade.adv.br\/blog\/wp-json\/wp\/v2\/posts\/2360\/revisions\/2361"}],"wp:attachment":[{"href":"https:\/\/escritacontabilidade.adv.br\/blog\/wp-json\/wp\/v2\/media?parent=2360"}],"wp:term":[{"taxonomy":"category","embeddable":true,"href":"https:\/\/escritacontabilidade.adv.br\/blog\/wp-json\/wp\/v2\/categories?post=2360"},{"taxonomy":"post_tag","embeddable":true,"href":"https:\/\/escritacontabilidade.adv.br\/blog\/wp-json\/wp\/v2\/tags?post=2360"}],"curies":[{"name":"wp","href":"https:\/\/api.w.org\/{rel}","templated":true}]}}