{"id":2286,"date":"2012-12-13T13:45:22","date_gmt":"2012-12-13T15:45:22","guid":{"rendered":"http:\/\/escritacontabilidade.adv.br\/blog\/?p=2286"},"modified":"2012-12-13T13:45:22","modified_gmt":"2012-12-13T15:45:22","slug":"brasil-pretende-ser-pais-de-classe-media-afirma-dilma","status":"publish","type":"post","link":"https:\/\/escritacontabilidade.adv.br\/blog\/2012\/12\/brasil-pretende-ser-pais-de-classe-media-afirma-dilma\/","title":{"rendered":"Brasil pretende ser pa\u00eds de classe m\u00e9dia, afirma Dilma"},"content":{"rendered":"<p> Ter um Brasil de classe m\u00e9dia \u00e9 um dos objetivos do governo, afirmou h\u00e1 pouco a presidente Dilma Rousseff, durante semin\u00e1rio empresarial realizado em Paris. Ela citou que o governo implementou na economia a mobilidade social, com aumento de emprego, transfer\u00eancia de renda e de maior cr\u00e9dito. Dilma disse que foram criados no Pa\u00eds 17 milh\u00f5es de emprego, que houve eleva\u00e7\u00e3o de renda dos mais pobres e que 16 milh\u00f5es de fam\u00edlias sa\u00edram da condi\u00e7\u00e3o de extrema pobreza.<\/p>\n<p>&#8220;O Brasil pretende ser e se transformar em pa\u00eds de classe m\u00e9dia&#8221;, disse. &#8220;O Brasil pretende ter padr\u00f5es de consumo de bens e servi\u00e7os de classe m\u00e9dia&#8221;, completou, ao falar no semin\u00e1rio &#8220;Desafios e Oportunidades de uma Parceria Estrat\u00e9gica&#8221;, na sede do Movimento de Empresas da Fran\u00e7a (Medef).<\/p>\n<p>A presidente afirmou que o governo brasileiro est\u00e1 empenhado em resolver gargalos da infraestrutura de modo a criar condi\u00e7\u00f5es para crescimento no curto, m\u00e9dio e longo prazos. &#8220;N\u00f3s queremos uma economia flex\u00edvel, capaz de gerar inova\u00e7\u00e3o, ci\u00eancia e tecnologia. Queremos economia desburocratizada&#8221;, disse.<\/p>\n<p>&#8220;Por isso, \u00e9 importante a redu\u00e7\u00e3o do custo de capital. T\u00ednhamos uma das taxas de juros mais elevadas. Se caminhamos para uma trajet\u00f3ria prudente no sentido de convergir essa taxa para patamares internacionais, n\u00f3s n\u00e3o estamos tendo canibaliza\u00e7\u00e3o da nossa ind\u00fastria&#8221;, acrescentou.<\/p>\n<p>Segundo Dilma, investimento e infraestrutura s\u00e3o estrat\u00e9gicos para que o Brasil se torne economia que &#8220;possa dobrar renda per capita em horizonte de at\u00e9 20 anos&#8221;. &#8220;N\u00f3s tamb\u00e9m queremos construir um ambiente extremamente seguro e amig\u00e1vel para investimento privado&#8221;, disse. &#8220;Temos de ter um imensa aten\u00e7\u00e3o, dedica\u00e7\u00e3o, com nossos portos&#8221;, mencionou durante seu discurso na sede do Movimento de Empresas da Fran\u00e7a (Medef).<\/p>\n<p>Crescimento?<\/p>\n<p>Dilma disse sobre a necessidade de coopera\u00e7\u00e3o entre os pa\u00edses para sair da crise e disse que o Brasil vem fazendo sua parte para retomar o crescimento. &#8220;O Brasil tem mantra. Crescimento se faz com gera\u00e7\u00e3o de emprego e distribui\u00e7\u00e3o de renda&#8221;, afirmou. &#8220;Meu Pa\u00eds vem fazendo a sua parte no esfor\u00e7o para retomar o crescimento&#8221;, acrescentou.<\/p>\n<p>Dilma disse que o Pa\u00eds superou &#8220;fal\u00e1cias&#8221; e falou da import\u00e2ncia de se fazer consolida\u00e7\u00e3o fiscal, observando, no entanto, que tal consolida\u00e7\u00e3o s\u00f3 \u00e9 feita de forma adequada quando se d\u00e1 em um quadro de crescimento. Segundo ela, \u00e9 poss\u00edvel compatibilizar crescimento com distribui\u00e7\u00e3o de renda e crescimento com estabilidade macroecon\u00f4mica.<\/p>\n<p>A presidente falou ainda que o Brasil e a Fran\u00e7a podem intensificar a coopera\u00e7\u00e3o em v\u00e1rias \u00e1reas e aproveitar as oportunidades de investimentos. &#8220;O Brasil e Fran\u00e7a precisam intensificar investimentos rec\u00edprocos em \u00e1reas estrat\u00e9gicas&#8221;, disse. &#8220;H\u00e1 grande potencial entre Brasil e Fran\u00e7a, na \u00e1rea aeroespacial, mineral e de alimentos&#8221;, citou.<\/p>\n<p>Dilma ressaltou que o Brasil tem feito investimentos de modo crescente na Fran\u00e7a e que o f\u00f3rum lan\u00e7ado entre os dois pa\u00edses oferece impulso para que haja coopera\u00e7\u00e3o entre os dois pa\u00edses. &#8220;N\u00e3o s\u00f3 vamos refletir sobre a crise, mas vamos buscar propor novas oportunidades que essa crise nos abre&#8221;, afirmou.<\/p>\n<p>Infla\u00e7\u00e3o<\/p>\n<p>Ao mencionar os desafios e avan\u00e7os da economia brasileira, a presidente Dilma Rousseff disse que os juros ca\u00edram e que a infla\u00e7\u00e3o est\u00e1 controlada. &#8220;Caminhamos no sentido de convergir a taxa de juros a patamares internacionais&#8221;, disse. &#8220;Nossa infla\u00e7\u00e3o est\u00e1 sob controle&#8221;, acrescentou.<\/p>\n<p>De acordo com Dilma, o modelo do seu governo \u00e9 de retomar crescimento, com distribui\u00e7\u00e3o de renda e equil\u00edbrio macro e que o Brasil exerce atra\u00e7\u00e3o sobre o investimento estrangeiro. &#8220;Atra\u00edmos US$ 66 bilh\u00f5es em 2011 e US$ 63,8 bilh\u00f5es at\u00e9 setembro de 2012&#8221;, citou.<\/p>\n<p>A presidente afirmou ainda que o Brasil tem o grande desafio de desenvolver a competitividade na sua economia. &#8220;Temos preocupa\u00e7\u00e3o em reduzir o custo de produ\u00e7\u00e3o. Queremos competitividade&#8221;, afirmou.<\/p>\n","protected":false},"excerpt":{"rendered":"<p>Ter um Brasil de classe m\u00e9dia \u00e9 um dos objetivos do governo, afirmou h\u00e1 pouco a presidente Dilma Rousseff, durante semin\u00e1rio empresarial realizado em Paris. Ela citou que o governo implementou na economia a mobilidade social, com aumento de emprego, transfer\u00eancia de renda e de maior cr\u00e9dito. Dilma disse que foram criados no Pa\u00eds 17 [&hellip;]<\/p>\n","protected":false},"author":1,"featured_media":0,"comment_status":"open","ping_status":"open","sticky":false,"template":"","format":"standard","meta":{"jetpack_post_was_ever_published":false,"_jetpack_newsletter_access":"","jetpack_publicize_message":"","jetpack_is_tweetstorm":false,"jetpack_publicize_feature_enabled":true,"jetpack_social_post_already_shared":false,"jetpack_social_options":{"image_generator_settings":{"template":"highway","enabled":false}}},"categories":[],"tags":[],"jetpack_publicize_connections":[],"jetpack_featured_media_url":"","jetpack_sharing_enabled":true,"jetpack_shortlink":"https:\/\/wp.me\/p28224-AS","jetpack_likes_enabled":true,"jetpack-related-posts":[],"amp_enabled":true,"_links":{"self":[{"href":"https:\/\/escritacontabilidade.adv.br\/blog\/wp-json\/wp\/v2\/posts\/2286"}],"collection":[{"href":"https:\/\/escritacontabilidade.adv.br\/blog\/wp-json\/wp\/v2\/posts"}],"about":[{"href":"https:\/\/escritacontabilidade.adv.br\/blog\/wp-json\/wp\/v2\/types\/post"}],"author":[{"embeddable":true,"href":"https:\/\/escritacontabilidade.adv.br\/blog\/wp-json\/wp\/v2\/users\/1"}],"replies":[{"embeddable":true,"href":"https:\/\/escritacontabilidade.adv.br\/blog\/wp-json\/wp\/v2\/comments?post=2286"}],"version-history":[{"count":1,"href":"https:\/\/escritacontabilidade.adv.br\/blog\/wp-json\/wp\/v2\/posts\/2286\/revisions"}],"predecessor-version":[{"id":2287,"href":"https:\/\/escritacontabilidade.adv.br\/blog\/wp-json\/wp\/v2\/posts\/2286\/revisions\/2287"}],"wp:attachment":[{"href":"https:\/\/escritacontabilidade.adv.br\/blog\/wp-json\/wp\/v2\/media?parent=2286"}],"wp:term":[{"taxonomy":"category","embeddable":true,"href":"https:\/\/escritacontabilidade.adv.br\/blog\/wp-json\/wp\/v2\/categories?post=2286"},{"taxonomy":"post_tag","embeddable":true,"href":"https:\/\/escritacontabilidade.adv.br\/blog\/wp-json\/wp\/v2\/tags?post=2286"}],"curies":[{"name":"wp","href":"https:\/\/api.w.org\/{rel}","templated":true}]}}