{"id":2256,"date":"2012-12-06T16:24:56","date_gmt":"2012-12-06T18:24:56","guid":{"rendered":"http:\/\/escritacontabilidade.adv.br\/blog\/?p=2256"},"modified":"2012-12-06T16:24:56","modified_gmt":"2012-12-06T18:24:56","slug":"pagamento-previdencia-divulga-o-calendario-de-pagamentos-do-inss-de-2013","status":"publish","type":"post","link":"https:\/\/escritacontabilidade.adv.br\/blog\/2012\/12\/pagamento-previdencia-divulga-o-calendario-de-pagamentos-do-inss-de-2013\/","title":{"rendered":"Pagamento: Previd\u00eancia divulga o calend\u00e1rio de pagamentos do INSS de 2013"},"content":{"rendered":"<p> (Not\u00edcias MPS)<\/p>\n<p>Data: 06\/12\/2012<br \/>\nO Instituto Nacional do Seguro Social (INSS) j\u00e1 come\u00e7ou a divulgar o calend\u00e1rio de pagamentos para o ano de 2013. A tabela com as datas dos dep\u00f3sitos dos benef\u00edcios j\u00e1 est\u00e1 sendo enviada para as 1.354 ag\u00eancias e para as demais unidades de atendimento do instituto. Al\u00e9m disso, o calend\u00e1rio ser\u00e1 distribu\u00eddo tamb\u00e9m nos bancos pagadores de benef\u00edcios.<\/p>\n<p>A partir da pr\u00f3xima semana, o novo calend\u00e1rio de pagamentos do INSS com a programa\u00e7\u00e3o para 2013 j\u00e1 estar\u00e1 dispon\u00edvel tamb\u00e9m no site da Previd\u00eancia Social. Mas a tabela j\u00e1 pode ser visualizada no blog da Previdencia. Desta forma, os benefici\u00e1rios j\u00e1 podem se informar com antecipa\u00e7\u00e3o e programar o pagamento de contas e compras por meio do novo calend\u00e1rio.<\/p>\n<p>Os segurados tamb\u00e9m podem ter acesso \u00e0s datas do pagamento com os operadores da Central 135. A liga\u00e7\u00e3o \u00e9 gratuita de telefones fixos ou p\u00fablicos e tem custo de uma chamada local, quando realizada de celular.<\/p>\n<p>O modelo de pagamento permanece o mesmo. Segurados com benef\u00edcios de at\u00e9 um sal\u00e1rio m\u00ednimo ter\u00e3o seus dep\u00f3sitos realizados num per\u00edodo de dez dias, que se estende dos cinco \u00faltimos dias \u00fateis do m\u00eas de compet\u00eancia at\u00e9 os cinco primeiros dias \u00fateis do m\u00eas seguinte. J\u00e1 aqueles que recebem valor superior ao m\u00ednimo ter\u00e3o seus benef\u00edcios creditados nos cinco primeiros dias \u00fateis do m\u00eas seguinte ao da folha de pagamento. Os dep\u00f3sitos s\u00e3o feitos de acordo com final do n\u00famero de benef\u00edcio, excluindo-se o d\u00edgito.<\/p>\n<p>O instituto alerta ainda aos seus segurados para n\u00e3o revelar o n\u00famero do benef\u00edcio, CPF ou senha a terceiros. Al\u00e9m disso, o INSS destaca que nunca solicita, por e-mail ou telefone, dados como n\u00famero de benef\u00edcio, CPF, identidade, conta do banco ou outros dados sigilosos.<\/p>\n<p>Acesse o calend\u00e1rio completo clicando aqui.<\/p>\n","protected":false},"excerpt":{"rendered":"<p>(Not\u00edcias MPS) Data: 06\/12\/2012 O Instituto Nacional do Seguro Social (INSS) j\u00e1 come\u00e7ou a divulgar o calend\u00e1rio de pagamentos para o ano de 2013. A tabela com as datas dos dep\u00f3sitos dos benef\u00edcios j\u00e1 est\u00e1 sendo enviada para as 1.354 ag\u00eancias e para as demais unidades de atendimento do instituto. Al\u00e9m disso, o calend\u00e1rio ser\u00e1 [&hellip;]<\/p>\n","protected":false},"author":1,"featured_media":0,"comment_status":"open","ping_status":"open","sticky":false,"template":"","format":"standard","meta":{"jetpack_post_was_ever_published":false,"_jetpack_newsletter_access":"","jetpack_publicize_message":"","jetpack_is_tweetstorm":false,"jetpack_publicize_feature_enabled":true,"jetpack_social_post_already_shared":false,"jetpack_social_options":{"image_generator_settings":{"template":"highway","enabled":false}}},"categories":[],"tags":[],"jetpack_publicize_connections":[],"jetpack_featured_media_url":"","jetpack_sharing_enabled":true,"jetpack_shortlink":"https:\/\/wp.me\/p28224-Ao","jetpack_likes_enabled":true,"jetpack-related-posts":[],"amp_enabled":true,"_links":{"self":[{"href":"https:\/\/escritacontabilidade.adv.br\/blog\/wp-json\/wp\/v2\/posts\/2256"}],"collection":[{"href":"https:\/\/escritacontabilidade.adv.br\/blog\/wp-json\/wp\/v2\/posts"}],"about":[{"href":"https:\/\/escritacontabilidade.adv.br\/blog\/wp-json\/wp\/v2\/types\/post"}],"author":[{"embeddable":true,"href":"https:\/\/escritacontabilidade.adv.br\/blog\/wp-json\/wp\/v2\/users\/1"}],"replies":[{"embeddable":true,"href":"https:\/\/escritacontabilidade.adv.br\/blog\/wp-json\/wp\/v2\/comments?post=2256"}],"version-history":[{"count":1,"href":"https:\/\/escritacontabilidade.adv.br\/blog\/wp-json\/wp\/v2\/posts\/2256\/revisions"}],"predecessor-version":[{"id":2257,"href":"https:\/\/escritacontabilidade.adv.br\/blog\/wp-json\/wp\/v2\/posts\/2256\/revisions\/2257"}],"wp:attachment":[{"href":"https:\/\/escritacontabilidade.adv.br\/blog\/wp-json\/wp\/v2\/media?parent=2256"}],"wp:term":[{"taxonomy":"category","embeddable":true,"href":"https:\/\/escritacontabilidade.adv.br\/blog\/wp-json\/wp\/v2\/categories?post=2256"},{"taxonomy":"post_tag","embeddable":true,"href":"https:\/\/escritacontabilidade.adv.br\/blog\/wp-json\/wp\/v2\/tags?post=2256"}],"curies":[{"name":"wp","href":"https:\/\/api.w.org\/{rel}","templated":true}]}}