{"id":2238,"date":"2012-12-04T14:30:43","date_gmt":"2012-12-04T16:30:43","guid":{"rendered":"http:\/\/escritacontabilidade.adv.br\/blog\/?p=2238"},"modified":"2012-12-04T14:30:43","modified_gmt":"2012-12-04T16:30:43","slug":"comissao-aprova-proposta-que-muda-regra-para-saque-do-fgts","status":"publish","type":"post","link":"https:\/\/escritacontabilidade.adv.br\/blog\/2012\/12\/comissao-aprova-proposta-que-muda-regra-para-saque-do-fgts\/","title":{"rendered":"Comiss\u00e3o aprova proposta que muda regra para saque do FGTS"},"content":{"rendered":"<p>Conta vinculada do Fundo de Garantia poder\u00e1 ser movimentada ap\u00f3s um ano de rescis\u00e3o do contrato de trabalho<br \/>\n A Comiss\u00e3o de Trabalho aprovou a proposta que permite a movimenta\u00e7\u00e3o da conta vinculada do FGTS (Fundo de Garantia do Tempo de Servi\u00e7o) ap\u00f3s um ano da data de rescis\u00e3o do contrato de trabalho, por qualquer motivo, mesmo se o trabalhador estiver trabalhando.<br \/>\nAtualmente a Lei 8.036\/90, que trata o assunto, permite que o saque seja feito apenas quando o trabalhador estiver tr\u00eas anos fora do regime do FGTS. O texto aprovado \u00e9 um substituto ao Projeto de Lei do Senado. Segundo o relator do projeto, \u201co substitutivo se faz necess\u00e1rio para corrigir alguns aspectos de t\u00e9cnica legislativa que podem acarretar interpreta\u00e7\u00f5es equivocadas da mat\u00e9ria\u201d.<\/p>\n<p>Pelo projeto, o novo prazo de um ano para a movimenta\u00e7\u00e3o da conta do FGTS contar\u00e1 a partir da publica\u00e7\u00e3o da lei<br \/>\nO relator tamb\u00e9m acolheu a emenda apresentada pelo deputado licenciado Luiz Carlos Hauly, que autoriza os trabalhadores aposentados que continuam trabalhando na mesma empresa a sacar o saldo da conta vinculada do FGTS, bem como todos os dep\u00f3sitos mensais que forem efetuados em sua conta, ainda que o v\u00ednculo tenha sido estabelecido por meio de novo contrato de trabalho.<br \/>\nVig\u00eancia<br \/>\nPelo projeto, o novo prazo de um ano para a movimenta\u00e7\u00e3o da conta do FGTS contar\u00e1 a partir da publica\u00e7\u00e3o da lei, caso a rescis\u00e3o contratual tenha acontecido antes de sua vig\u00eancia. Tamb\u00e9m fica assegurado o direito ao saque imediato para o trabalhador que completar tr\u00eas anos fora do regime antes da medida entrar em vigor.<\/p>\n","protected":false},"excerpt":{"rendered":"<p>Conta vinculada do Fundo de Garantia poder\u00e1 ser movimentada ap\u00f3s um ano de rescis\u00e3o do contrato de trabalho A Comiss\u00e3o de Trabalho aprovou a proposta que permite a movimenta\u00e7\u00e3o da conta vinculada do FGTS (Fundo de Garantia do Tempo de Servi\u00e7o) ap\u00f3s um ano da data de rescis\u00e3o do contrato de trabalho, por qualquer motivo, [&hellip;]<\/p>\n","protected":false},"author":1,"featured_media":0,"comment_status":"open","ping_status":"open","sticky":false,"template":"","format":"standard","meta":{"jetpack_post_was_ever_published":false,"_jetpack_newsletter_access":"","jetpack_publicize_message":"","jetpack_is_tweetstorm":false,"jetpack_publicize_feature_enabled":true,"jetpack_social_post_already_shared":false,"jetpack_social_options":{"image_generator_settings":{"template":"highway","enabled":false}}},"categories":[],"tags":[],"jetpack_publicize_connections":[],"jetpack_featured_media_url":"","jetpack_sharing_enabled":true,"jetpack_shortlink":"https:\/\/wp.me\/p28224-A6","jetpack_likes_enabled":true,"jetpack-related-posts":[],"amp_enabled":true,"_links":{"self":[{"href":"https:\/\/escritacontabilidade.adv.br\/blog\/wp-json\/wp\/v2\/posts\/2238"}],"collection":[{"href":"https:\/\/escritacontabilidade.adv.br\/blog\/wp-json\/wp\/v2\/posts"}],"about":[{"href":"https:\/\/escritacontabilidade.adv.br\/blog\/wp-json\/wp\/v2\/types\/post"}],"author":[{"embeddable":true,"href":"https:\/\/escritacontabilidade.adv.br\/blog\/wp-json\/wp\/v2\/users\/1"}],"replies":[{"embeddable":true,"href":"https:\/\/escritacontabilidade.adv.br\/blog\/wp-json\/wp\/v2\/comments?post=2238"}],"version-history":[{"count":1,"href":"https:\/\/escritacontabilidade.adv.br\/blog\/wp-json\/wp\/v2\/posts\/2238\/revisions"}],"predecessor-version":[{"id":2239,"href":"https:\/\/escritacontabilidade.adv.br\/blog\/wp-json\/wp\/v2\/posts\/2238\/revisions\/2239"}],"wp:attachment":[{"href":"https:\/\/escritacontabilidade.adv.br\/blog\/wp-json\/wp\/v2\/media?parent=2238"}],"wp:term":[{"taxonomy":"category","embeddable":true,"href":"https:\/\/escritacontabilidade.adv.br\/blog\/wp-json\/wp\/v2\/categories?post=2238"},{"taxonomy":"post_tag","embeddable":true,"href":"https:\/\/escritacontabilidade.adv.br\/blog\/wp-json\/wp\/v2\/tags?post=2238"}],"curies":[{"name":"wp","href":"https:\/\/api.w.org\/{rel}","templated":true}]}}