{"id":2196,"date":"2012-11-12T17:31:29","date_gmt":"2012-11-12T19:31:29","guid":{"rendered":"http:\/\/escritacontabilidade.adv.br\/blog\/?p=2196"},"modified":"2012-11-12T17:31:29","modified_gmt":"2012-11-12T19:31:29","slug":"mp-do-pasep-perde-validade-e-nao-sera-votada-pelo-senado","status":"publish","type":"post","link":"https:\/\/escritacontabilidade.adv.br\/blog\/2012\/11\/mp-do-pasep-perde-validade-e-nao-sera-votada-pelo-senado\/","title":{"rendered":"MP do Pasep perde validade e n\u00e3o ser\u00e1 votada pelo Senado"},"content":{"rendered":"<p> (Not\u00edcias CFC)<\/p>\n<p>Data: 12\/11\/2012<br \/>\nA Medida Provis\u00f3ria 574\/12, que trata dos d\u00e9bitos de Estados e Munic\u00edpios com o Programa de Forma\u00e7\u00e3o do Patrim\u00f4nio do Servidor P\u00fablico (Pasep), perdeu validade nesta sexta-feira, 9. A decis\u00e3o foi confirmada pelo presidente do Senado e divulgada no portal de not\u00edcias da casa.<\/p>\n<p>No texto aprovada pela C\u00e2mara dos Deputados, no \u00faltimo dia 31\/10, o relator da mat\u00e9ria incluiu em seu parecer, a reabertura do prazo para que empresas e pessoas f\u00edsicas pudessem aderir aos principais programas de refinanciamento de d\u00edvidas tribut\u00e1rias, incluindo o Programa de Recupera\u00e7\u00e3o Fiscal (Refis).<\/p>\n<p>Apesar da perda da validade da MP, a reabertura de prazo para a consolida\u00e7\u00e3o das d\u00edvidas com o Refis continuar\u00e1 a ser discutida no Projeto de Lei n\u00ba 3091\/12, que tramita na C\u00e2mara dos Deputados.<\/p>\n","protected":false},"excerpt":{"rendered":"<p>(Not\u00edcias CFC) Data: 12\/11\/2012 A Medida Provis\u00f3ria 574\/12, que trata dos d\u00e9bitos de Estados e Munic\u00edpios com o Programa de Forma\u00e7\u00e3o do Patrim\u00f4nio do Servidor P\u00fablico (Pasep), perdeu validade nesta sexta-feira, 9. A decis\u00e3o foi confirmada pelo presidente do Senado e divulgada no portal de not\u00edcias da casa. No texto aprovada pela C\u00e2mara dos Deputados, [&hellip;]<\/p>\n","protected":false},"author":1,"featured_media":0,"comment_status":"open","ping_status":"open","sticky":false,"template":"","format":"standard","meta":{"jetpack_post_was_ever_published":false,"_jetpack_newsletter_access":"","jetpack_publicize_message":"","jetpack_is_tweetstorm":false,"jetpack_publicize_feature_enabled":true,"jetpack_social_post_already_shared":false,"jetpack_social_options":{"image_generator_settings":{"template":"highway","enabled":false}}},"categories":[],"tags":[],"jetpack_publicize_connections":[],"jetpack_featured_media_url":"","jetpack_sharing_enabled":true,"jetpack_shortlink":"https:\/\/wp.me\/p28224-zq","jetpack_likes_enabled":true,"jetpack-related-posts":[],"amp_enabled":true,"_links":{"self":[{"href":"https:\/\/escritacontabilidade.adv.br\/blog\/wp-json\/wp\/v2\/posts\/2196"}],"collection":[{"href":"https:\/\/escritacontabilidade.adv.br\/blog\/wp-json\/wp\/v2\/posts"}],"about":[{"href":"https:\/\/escritacontabilidade.adv.br\/blog\/wp-json\/wp\/v2\/types\/post"}],"author":[{"embeddable":true,"href":"https:\/\/escritacontabilidade.adv.br\/blog\/wp-json\/wp\/v2\/users\/1"}],"replies":[{"embeddable":true,"href":"https:\/\/escritacontabilidade.adv.br\/blog\/wp-json\/wp\/v2\/comments?post=2196"}],"version-history":[{"count":1,"href":"https:\/\/escritacontabilidade.adv.br\/blog\/wp-json\/wp\/v2\/posts\/2196\/revisions"}],"predecessor-version":[{"id":2197,"href":"https:\/\/escritacontabilidade.adv.br\/blog\/wp-json\/wp\/v2\/posts\/2196\/revisions\/2197"}],"wp:attachment":[{"href":"https:\/\/escritacontabilidade.adv.br\/blog\/wp-json\/wp\/v2\/media?parent=2196"}],"wp:term":[{"taxonomy":"category","embeddable":true,"href":"https:\/\/escritacontabilidade.adv.br\/blog\/wp-json\/wp\/v2\/categories?post=2196"},{"taxonomy":"post_tag","embeddable":true,"href":"https:\/\/escritacontabilidade.adv.br\/blog\/wp-json\/wp\/v2\/tags?post=2196"}],"curies":[{"name":"wp","href":"https:\/\/api.w.org\/{rel}","templated":true}]}}