{"id":2185,"date":"2012-11-08T13:46:29","date_gmt":"2012-11-08T15:46:29","guid":{"rendered":"http:\/\/escritacontabilidade.adv.br\/blog\/?p=2185"},"modified":"2012-11-08T13:46:29","modified_gmt":"2012-11-08T15:46:29","slug":"pmes-que-aderiram-ao-simples-sao-prejudicadas-pela-substituicao-tributaria","status":"publish","type":"post","link":"https:\/\/escritacontabilidade.adv.br\/blog\/2012\/11\/pmes-que-aderiram-ao-simples-sao-prejudicadas-pela-substituicao-tributaria\/","title":{"rendered":"PMEs que aderiram ao Simples s\u00e3o prejudicadas pela substitui\u00e7\u00e3o tribut\u00e1ria"},"content":{"rendered":"<p> MPEs (Micro e Pequenas Empresas) que aderiram ao Simples Nacional t\u00eam sido prejudicadas pela substitui\u00e7\u00e3o tribut\u00e1ria, que calcula o imposto a ser pago pela m\u00e9dia de pre\u00e7os no varejo. Ela tamb\u00e9m retira os benef\u00edcios do Simples, uma vez que o ICMS de muitos produtos passa a ser recolhido na ind\u00fastria. Com isso, esse problema foi abordado na reuni\u00e3o da Frepem (Frente Parlamentar do Empreendedorismo) da Assembleia Legislativa, onde debateram sobre a reforma tribut\u00e1ria.<br \/>\nPara o deputado Vitor Sapienza, a pequena empresa paga contribui\u00e7\u00e3o alta por estar na ponta de um sistema como o ICMS, que n\u00e3o a favorece. Uma mudan\u00e7a &#8220;n\u00e3o ser\u00e1 f\u00e1cil num Pa\u00eds onde se isenta impostos de autom\u00f3veis e linha branca, mas se esquece dos munic\u00edpios e Estados&#8221;.<\/p>\n<p>Segundo o diretor da Aescon\/Sescon-SP, Wilson Gimenez J\u00fanior, com a implementa\u00e7\u00e3o da substitui\u00e7\u00e3o tribut\u00e1ria em S\u00e3o Paulo, em 2008, e a ajuda dos controles eletr\u00f4nicos resultaram no aumento da arrecada\u00e7\u00e3o do ICMS. Mas, ao longo dos anos, as MPEs perderam vantagem tribut\u00e1ria em rela\u00e7\u00e3o aos tributos estaduais, com o estabelecimento do Simples Nacional e a entrada de produtos na substitui\u00e7\u00e3o tribut\u00e1ria.<\/p>\n<p>&#8220;Quem pode mais arca com carga tribut\u00e1ria menor&#8221;, afirmou o mestre em Direito Tribut\u00e1rio pela USP Paulo Victor Viera da Rocha. Ele continuo dizendo que essa &#8220;injusti\u00e7a econ\u00f4mica&#8221; ocorre, porque o tributo \u00e9 pago sobre os pre\u00e7os m\u00e9dios de mercado, o que prejudica os MPEs.<\/p>\n<p>Desigualdade tribut\u00e1ria<br \/>\nO consultor jur\u00eddico da Sebrae-SP, Paulo Melchor, afirmou durante o evento que o microempres\u00e1rio paga mais que uma empresa maior, o que fere o princ\u00edpio da igualdade tribut\u00e1ria, o que n\u00e3o ocorreria com a aplica\u00e7\u00e3o do Simples Nacional.<\/p>\n","protected":false},"excerpt":{"rendered":"<p>MPEs (Micro e Pequenas Empresas) que aderiram ao Simples Nacional t\u00eam sido prejudicadas pela substitui\u00e7\u00e3o tribut\u00e1ria, que calcula o imposto a ser pago pela m\u00e9dia de pre\u00e7os no varejo. Ela tamb\u00e9m retira os benef\u00edcios do Simples, uma vez que o ICMS de muitos produtos passa a ser recolhido na ind\u00fastria. Com isso, esse problema foi [&hellip;]<\/p>\n","protected":false},"author":1,"featured_media":0,"comment_status":"open","ping_status":"open","sticky":false,"template":"","format":"standard","meta":{"jetpack_post_was_ever_published":false,"_jetpack_newsletter_access":"","jetpack_publicize_message":"","jetpack_is_tweetstorm":false,"jetpack_publicize_feature_enabled":true,"jetpack_social_post_already_shared":false,"jetpack_social_options":{"image_generator_settings":{"template":"highway","enabled":false}}},"categories":[],"tags":[],"jetpack_publicize_connections":[],"jetpack_featured_media_url":"","jetpack_sharing_enabled":true,"jetpack_shortlink":"https:\/\/wp.me\/p28224-zf","jetpack_likes_enabled":true,"jetpack-related-posts":[],"amp_enabled":true,"_links":{"self":[{"href":"https:\/\/escritacontabilidade.adv.br\/blog\/wp-json\/wp\/v2\/posts\/2185"}],"collection":[{"href":"https:\/\/escritacontabilidade.adv.br\/blog\/wp-json\/wp\/v2\/posts"}],"about":[{"href":"https:\/\/escritacontabilidade.adv.br\/blog\/wp-json\/wp\/v2\/types\/post"}],"author":[{"embeddable":true,"href":"https:\/\/escritacontabilidade.adv.br\/blog\/wp-json\/wp\/v2\/users\/1"}],"replies":[{"embeddable":true,"href":"https:\/\/escritacontabilidade.adv.br\/blog\/wp-json\/wp\/v2\/comments?post=2185"}],"version-history":[{"count":1,"href":"https:\/\/escritacontabilidade.adv.br\/blog\/wp-json\/wp\/v2\/posts\/2185\/revisions"}],"predecessor-version":[{"id":2186,"href":"https:\/\/escritacontabilidade.adv.br\/blog\/wp-json\/wp\/v2\/posts\/2185\/revisions\/2186"}],"wp:attachment":[{"href":"https:\/\/escritacontabilidade.adv.br\/blog\/wp-json\/wp\/v2\/media?parent=2185"}],"wp:term":[{"taxonomy":"category","embeddable":true,"href":"https:\/\/escritacontabilidade.adv.br\/blog\/wp-json\/wp\/v2\/categories?post=2185"},{"taxonomy":"post_tag","embeddable":true,"href":"https:\/\/escritacontabilidade.adv.br\/blog\/wp-json\/wp\/v2\/tags?post=2185"}],"curies":[{"name":"wp","href":"https:\/\/api.w.org\/{rel}","templated":true}]}}