{"id":2146,"date":"2012-10-19T13:29:31","date_gmt":"2012-10-19T16:29:31","guid":{"rendered":"http:\/\/escritacontabilidade.adv.br\/blog\/?p=2146"},"modified":"2012-10-19T13:29:31","modified_gmt":"2012-10-19T16:29:31","slug":"governo-libera-r-381-milhoes-para-o-enfrentamento-a-desastres-naturais-no-pais","status":"publish","type":"post","link":"https:\/\/escritacontabilidade.adv.br\/blog\/2012\/10\/governo-libera-r-381-milhoes-para-o-enfrentamento-a-desastres-naturais-no-pais\/","title":{"rendered":"Governo libera R$ 381 milh\u00f5es para o enfrentamento a desastres naturais no pa\u00eds"},"content":{"rendered":"<p> (Not\u00edcias Ag\u00eancia Brasil &#8211; ABr)<\/p>\n<p>Data: 19\/10\/2012<br \/>\nO governo decidiu abrir cr\u00e9dito extraordin\u00e1rio, no valor de R$ 381,2 milh\u00f5es, para atender \u00e0s necessidades dos estados e munic\u00edpios em casos de desastres naturais. A decis\u00e3o est\u00e1 publicada na edi\u00e7\u00e3o de hoje (19) do Di\u00e1rio Oficial da Uni\u00e3o. No texto, n\u00e3o h\u00e1 o detalhamento sobre a aplica\u00e7\u00e3o do dinheiro.<\/p>\n<p>Nos \u00faltimos meses, a Regi\u00e3o Sul do pa\u00eds tem sofrido com a temporada de chuva que provoca desabamentos, alagamentos e atinge cidades e o campo. V\u00e1rios munic\u00edpios do Rio Grande do Sul contabilizam v\u00edtimas e preju\u00edzos nas colheitas.<\/p>\n<p>Parte do Brasil, principalmente no Nordeste, sofre com a falta de chuva. No Piau\u00ed, por exemplo, produtores rurais advertem que a longa temporada de estiagem pode atingir o plantio de alimentos na regi\u00e3o.<\/p>\n<p>As autoridades p\u00fablicas do pa\u00eds disp\u00f5em do Atlas Brasileiro de Desastres Naturais, resultado de acordo de coopera\u00e7\u00e3o entre a Secretaria Nacional de Defesa Civil e o Centro Universit\u00e1rio de Estudos e Pesquisas sobre Desastres da Universidade Federal de Santa Catarina.<\/p>\n<p>O objetivo da pesquisa \u00e9 reunir e colocar \u00e0 disposi\u00e7\u00e3o p\u00fablica informa\u00e7\u00f5es sobre os registros de desastres ocorridos em todo o territ\u00f3rio nacional nos \u00faltimos 20 anos (1991 a 2010), por meio da publica\u00e7\u00e3o de 26 volumes sobre os estados e um sobre o Brasil.<\/p>\n","protected":false},"excerpt":{"rendered":"<p>(Not\u00edcias Ag\u00eancia Brasil &#8211; ABr) Data: 19\/10\/2012 O governo decidiu abrir cr\u00e9dito extraordin\u00e1rio, no valor de R$ 381,2 milh\u00f5es, para atender \u00e0s necessidades dos estados e munic\u00edpios em casos de desastres naturais. A decis\u00e3o est\u00e1 publicada na edi\u00e7\u00e3o de hoje (19) do Di\u00e1rio Oficial da Uni\u00e3o. No texto, n\u00e3o h\u00e1 o detalhamento sobre a aplica\u00e7\u00e3o [&hellip;]<\/p>\n","protected":false},"author":1,"featured_media":0,"comment_status":"open","ping_status":"open","sticky":false,"template":"","format":"standard","meta":{"jetpack_post_was_ever_published":false,"_jetpack_newsletter_access":"","jetpack_publicize_message":"","jetpack_is_tweetstorm":false,"jetpack_publicize_feature_enabled":true,"jetpack_social_post_already_shared":false,"jetpack_social_options":{"image_generator_settings":{"template":"highway","enabled":false}}},"categories":[],"tags":[],"jetpack_publicize_connections":[],"jetpack_featured_media_url":"","jetpack_sharing_enabled":true,"jetpack_shortlink":"https:\/\/wp.me\/p28224-yC","jetpack_likes_enabled":true,"jetpack-related-posts":[],"amp_enabled":true,"_links":{"self":[{"href":"https:\/\/escritacontabilidade.adv.br\/blog\/wp-json\/wp\/v2\/posts\/2146"}],"collection":[{"href":"https:\/\/escritacontabilidade.adv.br\/blog\/wp-json\/wp\/v2\/posts"}],"about":[{"href":"https:\/\/escritacontabilidade.adv.br\/blog\/wp-json\/wp\/v2\/types\/post"}],"author":[{"embeddable":true,"href":"https:\/\/escritacontabilidade.adv.br\/blog\/wp-json\/wp\/v2\/users\/1"}],"replies":[{"embeddable":true,"href":"https:\/\/escritacontabilidade.adv.br\/blog\/wp-json\/wp\/v2\/comments?post=2146"}],"version-history":[{"count":1,"href":"https:\/\/escritacontabilidade.adv.br\/blog\/wp-json\/wp\/v2\/posts\/2146\/revisions"}],"predecessor-version":[{"id":2147,"href":"https:\/\/escritacontabilidade.adv.br\/blog\/wp-json\/wp\/v2\/posts\/2146\/revisions\/2147"}],"wp:attachment":[{"href":"https:\/\/escritacontabilidade.adv.br\/blog\/wp-json\/wp\/v2\/media?parent=2146"}],"wp:term":[{"taxonomy":"category","embeddable":true,"href":"https:\/\/escritacontabilidade.adv.br\/blog\/wp-json\/wp\/v2\/categories?post=2146"},{"taxonomy":"post_tag","embeddable":true,"href":"https:\/\/escritacontabilidade.adv.br\/blog\/wp-json\/wp\/v2\/tags?post=2146"}],"curies":[{"name":"wp","href":"https:\/\/api.w.org\/{rel}","templated":true}]}}