{"id":2096,"date":"2012-10-08T13:46:05","date_gmt":"2012-10-08T16:46:05","guid":{"rendered":"http:\/\/escritacontabilidade.adv.br\/blog\/?p=2096"},"modified":"2012-10-08T13:46:05","modified_gmt":"2012-10-08T16:46:05","slug":"projeto-acaba-com-demissao-sumaria-de-dependente-quimico","status":"publish","type":"post","link":"https:\/\/escritacontabilidade.adv.br\/blog\/2012\/10\/projeto-acaba-com-demissao-sumaria-de-dependente-quimico\/","title":{"rendered":"Projeto acaba com demiss\u00e3o sum\u00e1ria de dependente qu\u00edmico"},"content":{"rendered":"<p> (Not\u00edcias Ag\u00eancia C\u00e2mara)<\/p>\n<p>Data: 08\/10\/2012<\/p>\n<p>O Projeto de Lei n\u00ba 4.146\/12, do deputado Manoel Junior (PMDB-PB), pro\u00edbe as empresa de demitir sumariamente funcion\u00e1rio dependente de \u00e1lcool ou drogas. Nesse caso, conforme o texto, o contrato de trabalho dever\u00e1 ser suspenso e o trabalhador submetido a per\u00edcia m\u00e9dica junto ao Instituto Nacional do Seguro Social (INSS) para concess\u00e3o de aux\u00edlio-doen\u00e7a e posterior tratamento.<\/p>\n<p>Pelo texto, a demiss\u00e3o s\u00f3 poder\u00e1 ocorrer se o funcion\u00e1rio recusar-se a seguir as recomenda\u00e7\u00f5es terap\u00eauticas. Atualmente, a Consolida\u00e7\u00e3o das Leis do Trabalho (CLT) permite a demiss\u00e3o por justa causa de empregado que trabalhe com sintomas de embriaguez.<\/p>\n<p>Para Manoel Junior, quando a depend\u00eancia qu\u00edmica \u00e9 identificada no trabalho, a abordagem deve ser cuidadosa, com respeito ao empregado. No entanto, observa que a CLT continua a considerar o problema como ato de indisciplina. &#8220;Est\u00e1 mais que comprovado que a depend\u00eancia \u00e9 uma doen\u00e7a e que \u00e9 como doente que o dependente deve ser tratado&#8221;, sustenta.<\/p>\n<p>Tramita\u00e7\u00e3o<\/p>\n<p>A proposta tramita em car\u00e1ter conclusivo e ser\u00e1 analisada pelas comiss\u00f5es de Seguridade Social e Fam\u00edlia; Trabalho, de Administra\u00e7\u00e3o e Servi\u00e7o P\u00fablico; e Constitui\u00e7\u00e3o e Justi\u00e7a e de Cidadania.<\/p>\n","protected":false},"excerpt":{"rendered":"<p>(Not\u00edcias Ag\u00eancia C\u00e2mara) Data: 08\/10\/2012 O Projeto de Lei n\u00ba 4.146\/12, do deputado Manoel Junior (PMDB-PB), pro\u00edbe as empresa de demitir sumariamente funcion\u00e1rio dependente de \u00e1lcool ou drogas. Nesse caso, conforme o texto, o contrato de trabalho dever\u00e1 ser suspenso e o trabalhador submetido a per\u00edcia m\u00e9dica junto ao Instituto Nacional do Seguro Social (INSS) [&hellip;]<\/p>\n","protected":false},"author":1,"featured_media":0,"comment_status":"open","ping_status":"open","sticky":false,"template":"","format":"standard","meta":{"jetpack_post_was_ever_published":false,"_jetpack_newsletter_access":"","jetpack_publicize_message":"","jetpack_is_tweetstorm":false,"jetpack_publicize_feature_enabled":true,"jetpack_social_post_already_shared":false,"jetpack_social_options":{"image_generator_settings":{"template":"highway","enabled":false}}},"categories":[],"tags":[],"jetpack_publicize_connections":[],"jetpack_featured_media_url":"","jetpack_sharing_enabled":true,"jetpack_shortlink":"https:\/\/wp.me\/p28224-xO","jetpack_likes_enabled":true,"jetpack-related-posts":[],"amp_enabled":true,"_links":{"self":[{"href":"https:\/\/escritacontabilidade.adv.br\/blog\/wp-json\/wp\/v2\/posts\/2096"}],"collection":[{"href":"https:\/\/escritacontabilidade.adv.br\/blog\/wp-json\/wp\/v2\/posts"}],"about":[{"href":"https:\/\/escritacontabilidade.adv.br\/blog\/wp-json\/wp\/v2\/types\/post"}],"author":[{"embeddable":true,"href":"https:\/\/escritacontabilidade.adv.br\/blog\/wp-json\/wp\/v2\/users\/1"}],"replies":[{"embeddable":true,"href":"https:\/\/escritacontabilidade.adv.br\/blog\/wp-json\/wp\/v2\/comments?post=2096"}],"version-history":[{"count":1,"href":"https:\/\/escritacontabilidade.adv.br\/blog\/wp-json\/wp\/v2\/posts\/2096\/revisions"}],"predecessor-version":[{"id":2097,"href":"https:\/\/escritacontabilidade.adv.br\/blog\/wp-json\/wp\/v2\/posts\/2096\/revisions\/2097"}],"wp:attachment":[{"href":"https:\/\/escritacontabilidade.adv.br\/blog\/wp-json\/wp\/v2\/media?parent=2096"}],"wp:term":[{"taxonomy":"category","embeddable":true,"href":"https:\/\/escritacontabilidade.adv.br\/blog\/wp-json\/wp\/v2\/categories?post=2096"},{"taxonomy":"post_tag","embeddable":true,"href":"https:\/\/escritacontabilidade.adv.br\/blog\/wp-json\/wp\/v2\/tags?post=2096"}],"curies":[{"name":"wp","href":"https:\/\/api.w.org\/{rel}","templated":true}]}}